{"id":90156,"date":"2021-04-23T21:32:35","date_gmt":"2021-04-24T02:32:35","guid":{"rendered":"http:\/\/elcuartopoder.com.mx\/nw\/?p=90156"},"modified":"2021-04-23T21:32:36","modified_gmt":"2021-04-24T02:32:36","slug":"catean-bar-the-phoenix-en-cancun-luego-de-la-desaparicion-de-una-bailarina","status":"publish","type":"post","link":"http:\/\/elcuartopoder.com.mx\/nw\/policiacas\/catean-bar-the-phoenix-en-cancun-luego-de-la-desaparicion-de-una-bailarina\/","title":{"rendered":"Catean bar \u2018The Phoenix\u2019 en Canc\u00fan luego de la desaparici\u00f3n de una bailarina"},"content":{"rendered":"\n<p class=\"wp-block-paragraph\"><strong>CANC\u00daN, MX.-<\/strong>&nbsp;La desaparici\u00f3n de una mujer que trabajaba como bailarina hizo que esta madrugada personal de la Fiscal\u00eda General del Estado cateara el bar \u201cThe Phoenix\u201d, en la Regi\u00f3n 95 y detuviera a cinco empleados del lugar.<\/p>\n\n\n\n<p class=\"wp-block-paragraph\">Auxiliados por elementos de la Guardia Nacional, los agentes investigadores colocaron sellos de aseguramiento en la entrada de este local, en donde se indica que la diligencia se relaciona a la carpeta de investigaci\u00f3n 492\/2021, llevada por la Unidad de Desaparecidos.<\/p>\n\n\n\n<p class=\"wp-block-paragraph\">Extraoficialmente, se se\u00f1ala que un cliente de este bar le \u201cpag\u00f3 la salida\u201d a la bailarina (pr\u00e1ctica en la que desembolsan una suma de dinero al encargado del local, a cambio de poder llevarse a la mujer para un \u201cservicio\u201d). Esta persona se llev\u00f3 a esta trabajadora, pero ya no regres\u00f3 a la hora convenida.<\/p>\n\n\n\n<p class=\"wp-block-paragraph\">Nadie ha vuelto a ver a esta persona. Su familia ya report\u00f3 su desaparici\u00f3n, lo que gener\u00f3 esta movilizaci\u00f3n.<\/p>\n\n\n\n<p class=\"wp-block-paragraph\">Cinco personas, trabajadores del lugar, fueron llevadas detenidas, pues al parecer todos en el bar saben qui\u00e9n es este cliente, pero no quieren hablar.<\/p>\n\n\n\n<p class=\"wp-block-paragraph\">\u201cThe Phoenix\u201d est\u00e1 ubicado en el local que antes albergara a \u201cLa Premier\u201d, cerrado en 2019 luego que dos socios fueran ejecutados por separado.\u00a0<\/p>\n\n\n\n<p class=\"wp-block-paragraph\"><strong>Fuente:<\/strong> Noticaribe<\/p>\n","protected":false},"excerpt":{"rendered":"<p>CANC\u00daN, MX.-&nbsp;La desaparici\u00f3n de una mujer que trabajaba como bailarina hizo que esta madrugada personal de la Fiscal\u00eda General del Estado cateara el bar \u201cThe Phoenix\u201d, en la Regi\u00f3n 95 y detuviera a cinco empleados del lugar. Auxiliados por elementos de la Guardia Nacional, los agentes investigadores colocaron sellos de aseguramiento en la entrada de [&hellip;]<\/p>\n","protected":false},"author":2,"featured_media":90157,"comment_status":"open","ping_status":"open","sticky":false,"template":"","format":"standard","meta":{"footnotes":""},"categories":[23],"tags":[],"class_list":["post-90156","post","type-post","status-publish","format-standard","has-post-thumbnail","hentry","category-policiacas"],"_links":{"self":[{"href":"http:\/\/elcuartopoder.com.mx\/nw\/wp-json\/wp\/v2\/posts\/90156","targetHints":{"allow":["GET"]}}],"collection":[{"href":"http:\/\/elcuartopoder.com.mx\/nw\/wp-json\/wp\/v2\/posts"}],"about":[{"href":"http:\/\/elcuartopoder.com.mx\/nw\/wp-json\/wp\/v2\/types\/post"}],"author":[{"embeddable":true,"href":"http:\/\/elcuartopoder.com.mx\/nw\/wp-json\/wp\/v2\/users\/2"}],"replies":[{"embeddable":true,"href":"http:\/\/elcuartopoder.com.mx\/nw\/wp-json\/wp\/v2\/comments?post=90156"}],"version-history":[{"count":1,"href":"http:\/\/elcuartopoder.com.mx\/nw\/wp-json\/wp\/v2\/posts\/90156\/revisions"}],"predecessor-version":[{"id":90158,"href":"http:\/\/elcuartopoder.com.mx\/nw\/wp-json\/wp\/v2\/posts\/90156\/revisions\/90158"}],"wp:featuredmedia":[{"embeddable":true,"href":"http:\/\/elcuartopoder.com.mx\/nw\/wp-json\/wp\/v2\/media\/90157"}],"wp:attachment":[{"href":"http:\/\/elcuartopoder.com.mx\/nw\/wp-json\/wp\/v2\/media?parent=90156"}],"wp:term":[{"taxonomy":"category","embeddable":true,"href":"http:\/\/elcuartopoder.com.mx\/nw\/wp-json\/wp\/v2\/categories?post=90156"},{"taxonomy":"post_tag","embeddable":true,"href":"http:\/\/elcuartopoder.com.mx\/nw\/wp-json\/wp\/v2\/tags?post=90156"}],"curies":[{"name":"wp","href":"https:\/\/api.w.org\/{rel}","templated":true}]}}