{"id":90162,"date":"2021-04-23T21:46:31","date_gmt":"2021-04-24T02:46:31","guid":{"rendered":"http:\/\/elcuartopoder.com.mx\/nw\/?p=90162"},"modified":"2021-04-23T21:46:33","modified_gmt":"2021-04-24T02:46:33","slug":"revocan-parcialmente-resolucion-de-morena-y-debera-aclarar-modo-de-seleccion-de-candidatos-en-benito-juarez-isla-mujeres-y-solidaridad","status":"publish","type":"post","link":"http:\/\/elcuartopoder.com.mx\/nw\/estatales\/revocan-parcialmente-resolucion-de-morena-y-debera-aclarar-modo-de-seleccion-de-candidatos-en-benito-juarez-isla-mujeres-y-solidaridad\/","title":{"rendered":"Revocan parcialmente resoluci\u00f3n de Morena y deber\u00e1 aclarar modo de selecci\u00f3n de candidatos en Benito Ju\u00e1rez, Isla Mujeres y Solidaridad"},"content":{"rendered":"\n<p class=\"wp-block-paragraph\">En sesi\u00f3n p\u00fablica no presencial de la Sala Regional Xalapa, se determin\u00f3 revocar parcialmente la resoluci\u00f3n de la Comisi\u00f3n de Honor y Justicia de Morena y se le da 5 d\u00edas para que funde y motive el proceso de selecci\u00f3n de candidatos en los municipios de Benito Ju\u00e1rez, Solidaridad e Isla Mujeres, quintana Roo.<\/p>\n\n\n\n<p class=\"wp-block-paragraph\">Los Juicios Ciudadanos 582, 583 y 584 de 2021 fueron promovidos por Freyda Marybel Villegas Canch\u00e9, Salinas de Refugio Herrera Castillo y Luz Elena Mu\u00f1oz Carranza, en contra de la resoluci\u00f3n dictada por la Comisi\u00f3n Nacional de Justicia de Morena.<\/p>\n\n\n\n<p class=\"wp-block-paragraph\">La Sala Regional pide aclaren si las candidaturas de las demandantes fueron procedentes o no y las razones por las que solo otorgaron un registro \u00fanico.<\/p>\n\n\n\n<p class=\"wp-block-paragraph\">Las actoras alegan en sus respectivas demandas que la Comisi\u00f3n de Justicia parte de una premisa falsa al concluir que s\u00f3lo existi\u00f3 un registro aprobado y por tanto no era necesario la implementaci\u00f3n de encuestas se\u00f1alado en la convocatoria.<\/p>\n\n\n\n<p class=\"wp-block-paragraph\">En los argumentos se asegura que en la resoluci\u00f3n impugnada no se tom\u00f3 en cuenta que existi\u00f3 falta de fundamentaci\u00f3n y motivaci\u00f3n por parte de la Comisi\u00f3n Nacional de Justicia y falta de certeza en el proceso de designaci\u00f3n toda vez que no se realiz\u00f3 la valoraci\u00f3n y calificaci\u00f3n de perfiles.<\/p>\n\n\n\n<p class=\"wp-block-paragraph\">Argumentaron que tampoco les informaron a las denunciantes el motivo de la no procedencia de sus candidaturas y postulaciones.<\/p>\n\n\n\n<p class=\"wp-block-paragraph\">En el proyecto se propone declarar fundado el agravio toda vez que Comisi\u00f3n de Justicia valid\u00f3 un procedimiento interno a partir de la premisa que actualiz\u00f3 a un registro \u00fanico de candidatura.<\/p>\n\n\n\n<p class=\"wp-block-paragraph\">En total se analizaron 27 juicios para la protecci\u00f3n de los derechos pol\u00edticos electorales ciudadanos, 4 juicios electorales y 3 recursos de apelaci\u00f3n.<\/p>\n\n\n\n<p class=\"wp-block-paragraph\">Luego de la resoluci\u00f3n empez\u00f3 a circular una imagen en la que se convocaba a una manifestaci\u00f3n en \u201cEl Ceviche\u201d de Canc\u00fan.<\/p>\n\n\n\n<p class=\"wp-block-paragraph\"><strong>PRON\u00d3STICO<\/strong><\/p>\n\n\n\n<p class=\"wp-block-paragraph\">El Comit\u00e9 de Honor y Justicia de Morena nacional podr\u00eda dar una respuesta sin sustento en el plazo de cinco d\u00edas que le dio la Sala Xalapa, por lo que este organismo estar\u00eda emitiendo una nueva resoluci\u00f3n ordenando la reposici\u00f3n del proceso de selecci\u00f3n de precandidatos.<\/p>\n\n\n\n<p class=\"wp-block-paragraph\">Ya no hay manera que el Comit\u00e9 de Honor de Morena diga, en el caso de Canc\u00fan, por ejemplo, que hizo encuesta porque lo dijo as\u00ed en su sentencia contra Marybel Villegas, de que no hab\u00eda hecho encuesta porque solo hab\u00eda una precandidata.<\/p>\n\n\n\n<p class=\"wp-block-paragraph\">En la pr\u00f3xima sesi\u00f3n La Sala Xalapa Revocar\u00e1 definitivamente el acuerdo de Morena a fin de que se reponga todo el proceso de selecci\u00f3n de candidatos.<\/p>\n\n\n\n<p class=\"wp-block-paragraph\">Una vez que el TEPJF de esa orden todos los candidatos tendr\u00e1n que suspender campa\u00f1a y aguardar el resultado del nuevo proceso de selecci\u00f3n.<\/p>\n\n\n\n<p class=\"wp-block-paragraph\"><strong>OTRA VERSI\u00d3N<\/strong><\/p>\n\n\n\n<p class=\"wp-block-paragraph\">La resoluci\u00f3n emitida por la Sala Regional gener\u00f3 controversia y confusi\u00f3n, por lo que no se hicieron esperar las explicaciones desde ambas partes involucradas.<\/p>\n\n\n\n<p class=\"wp-block-paragraph\">Desde otro punto se argumenta que la resoluci\u00f3n lo \u00fanico que le concede a Marybel Villegas Canch\u00e9 es su derecho a la informaci\u00f3n, es decir, que la Comisi\u00f3n Nacional de Elecciones le diga por q no fue aceptado su registro para pasar a la segunda etapa del proceso interno (encuesta) .<\/p>\n\n\n\n<p class=\"wp-block-paragraph\">Sus pretensiones, seg\u00fan su demanda, eran que se repusiera el proceso interno para efectos de realizar una encuesta y que se le incluyera a ella, pero solo ordenaron que fuera informada del por qu\u00e9 no fue seleccionada.<\/p>\n\n\n\n<figure class=\"wp-block-image\"><img decoding=\"async\" src=\"https:\/\/www.marcrixnoticias.com\/wp-content\/uploads\/2021\/04\/Morena-2-1.jpg\" alt=\"\" class=\"wp-image-413217\"\/><\/figure>\n\n\n\n<figure class=\"wp-block-image\"><img decoding=\"async\" src=\"https:\/\/www.marcrixnoticias.com\/wp-content\/uploads\/2021\/04\/Morena-3.jpg\" alt=\"\" class=\"wp-image-413218\"\/><\/figure>\n\n\n\n<figure class=\"wp-block-image\"><img decoding=\"async\" src=\"https:\/\/www.marcrixnoticias.com\/wp-content\/uploads\/2021\/04\/Morena-4.jpg\" alt=\"\" class=\"wp-image-413219\"\/><\/figure>\n\n\n\n<figure class=\"wp-block-image\"><img decoding=\"async\" src=\"https:\/\/www.marcrixnoticias.com\/wp-content\/uploads\/2021\/04\/Mara.jpg\" alt=\"\" class=\"wp-image-413215\"\/><\/figure>\n","protected":false},"excerpt":{"rendered":"<p>En sesi\u00f3n p\u00fablica no presencial de la Sala Regional Xalapa, se determin\u00f3 revocar parcialmente la resoluci\u00f3n de la Comisi\u00f3n de Honor y Justicia de Morena y se le da 5 d\u00edas para que funde y motive el proceso de selecci\u00f3n de candidatos en los municipios de Benito Ju\u00e1rez, Solidaridad e Isla Mujeres, quintana Roo. Los [&hellip;]<\/p>\n","protected":false},"author":2,"featured_media":90163,"comment_status":"open","ping_status":"open","sticky":false,"template":"","format":"standard","meta":{"footnotes":""},"categories":[60],"tags":[],"class_list":["post-90162","post","type-post","status-publish","format-standard","has-post-thumbnail","hentry","category-estatales"],"_links":{"self":[{"href":"http:\/\/elcuartopoder.com.mx\/nw\/wp-json\/wp\/v2\/posts\/90162","targetHints":{"allow":["GET"]}}],"collection":[{"href":"http:\/\/elcuartopoder.com.mx\/nw\/wp-json\/wp\/v2\/posts"}],"about":[{"href":"http:\/\/elcuartopoder.com.mx\/nw\/wp-json\/wp\/v2\/types\/post"}],"author":[{"embeddable":true,"href":"http:\/\/elcuartopoder.com.mx\/nw\/wp-json\/wp\/v2\/users\/2"}],"replies":[{"embeddable":true,"href":"http:\/\/elcuartopoder.com.mx\/nw\/wp-json\/wp\/v2\/comments?post=90162"}],"version-history":[{"count":1,"href":"http:\/\/elcuartopoder.com.mx\/nw\/wp-json\/wp\/v2\/posts\/90162\/revisions"}],"predecessor-version":[{"id":90164,"href":"http:\/\/elcuartopoder.com.mx\/nw\/wp-json\/wp\/v2\/posts\/90162\/revisions\/90164"}],"wp:featuredmedia":[{"embeddable":true,"href":"http:\/\/elcuartopoder.com.mx\/nw\/wp-json\/wp\/v2\/media\/90163"}],"wp:attachment":[{"href":"http:\/\/elcuartopoder.com.mx\/nw\/wp-json\/wp\/v2\/media?parent=90162"}],"wp:term":[{"taxonomy":"category","embeddable":true,"href":"http:\/\/elcuartopoder.com.mx\/nw\/wp-json\/wp\/v2\/categories?post=90162"},{"taxonomy":"post_tag","embeddable":true,"href":"http:\/\/elcuartopoder.com.mx\/nw\/wp-json\/wp\/v2\/tags?post=90162"}],"curies":[{"name":"wp","href":"https:\/\/api.w.org\/{rel}","templated":true}]}}