{"id":90202,"date":"2021-04-26T09:36:41","date_gmt":"2021-04-26T14:36:41","guid":{"rendered":"http:\/\/elcuartopoder.com.mx\/nw\/?p=90202"},"modified":"2021-04-26T09:36:44","modified_gmt":"2021-04-26T14:36:44","slug":"la-pandemia-mantiene-frenada-la-actividad-artesanal-en-la-zona-maya","status":"publish","type":"post","link":"http:\/\/elcuartopoder.com.mx\/nw\/municipales\/la-pandemia-mantiene-frenada-la-actividad-artesanal-en-la-zona-maya\/","title":{"rendered":"La Pandemia Mantiene Frenada la Actividad Artesanal en la Zona Maya"},"content":{"rendered":"\n<p class=\"wp-block-paragraph\">Los efectos de la pandemia por el virus del Covid-19, contin\u00faa afectado a los artesanos de comunidades ind\u00edgenas del municipio de Felipe Carrillo Puerto, quienes piden a gritos, la reactivaci\u00f3n econ\u00f3mica para esta actividad.<\/p>\n\n\n\n<figure class=\"wp-block-image\"><img decoding=\"async\" src=\"https:\/\/cambio22.info\/wp-content\/uploads\/2021\/04\/img_3715.jpg\" alt=\"\" class=\"wp-image-58856\"\/><\/figure>\n\n\n\n<p class=\"wp-block-paragraph\">De acuerdo al testimonio de la artesana Fernanda CenAngulo, originaria de la comunidad maya de ChancajDerrepente de la regi\u00f3n suroeste del municipio carrilloportense, explic\u00f3 que dado a las afectaciones que ha dejado la emergencia sanitaria, han solicitado a las autoridades tanto locales como estatales, de implementar estrategias que les permita poder reactivarse econ\u00f3micamente.<\/p>\n\n\n\n<figure class=\"wp-block-image\"><img decoding=\"async\" src=\"https:\/\/cambio22.info\/wp-content\/uploads\/2021\/04\/img_3713.jpg\" alt=\"\" class=\"wp-image-58853\"\/><\/figure>\n\n\n\n<p class=\"wp-block-paragraph\">En su caso \u2013 dijo \u2013 que por a\u00f1os se ha dedicado al arte de la cester\u00eda de bejuco, la cual, para obtener la materia prima, tienen que internarse en la tupida selva dado a que cada d\u00eda es m\u00e1s dif\u00edcil de conseguir, explic\u00f3.<\/p>\n\n\n\n<p class=\"wp-block-paragraph\">Agreg\u00f3 que las obras elaboradas con sus propias manos, son enviadas principalmente en los destinos tur\u00edsticos de la zona norte del estado, sin embargo, en este \u00faltimo a\u00f1o, la enfermedad viral ha frenado la comercializaci\u00f3n.<\/p>\n\n\n\n<p class=\"wp-block-paragraph\">\u201cSi la situaci\u00f3n era dif\u00edcil a\u00fan sin pandemia, ahora despu\u00e9s de m\u00e1s de un a\u00f1o del confinamiento la cosa se ha complicado a\u00fan m\u00e1s, por lo que es urgente que se reactivelas actividades para que nos permitan poder volver a la normalidad a ganarnos el sustento de cada d\u00eda\u201d, se\u00f1al\u00f3 Fernanda Cen Angulo.<\/p>\n\n\n\n<p class=\"wp-block-paragraph\"><strong>Fuente:<\/strong> cambio22<\/p>\n","protected":false},"excerpt":{"rendered":"<p>Los efectos de la pandemia por el virus del Covid-19, contin\u00faa afectado a los artesanos de comunidades ind\u00edgenas del municipio de Felipe Carrillo Puerto, quienes piden a gritos, la reactivaci\u00f3n econ\u00f3mica para esta actividad. De acuerdo al testimonio de la artesana Fernanda CenAngulo, originaria de la comunidad maya de ChancajDerrepente de la regi\u00f3n suroeste del [&hellip;]<\/p>\n","protected":false},"author":2,"featured_media":90203,"comment_status":"open","ping_status":"open","sticky":false,"template":"","format":"standard","meta":{"footnotes":""},"categories":[6],"tags":[],"class_list":["post-90202","post","type-post","status-publish","format-standard","has-post-thumbnail","hentry","category-municipales"],"_links":{"self":[{"href":"http:\/\/elcuartopoder.com.mx\/nw\/wp-json\/wp\/v2\/posts\/90202","targetHints":{"allow":["GET"]}}],"collection":[{"href":"http:\/\/elcuartopoder.com.mx\/nw\/wp-json\/wp\/v2\/posts"}],"about":[{"href":"http:\/\/elcuartopoder.com.mx\/nw\/wp-json\/wp\/v2\/types\/post"}],"author":[{"embeddable":true,"href":"http:\/\/elcuartopoder.com.mx\/nw\/wp-json\/wp\/v2\/users\/2"}],"replies":[{"embeddable":true,"href":"http:\/\/elcuartopoder.com.mx\/nw\/wp-json\/wp\/v2\/comments?post=90202"}],"version-history":[{"count":1,"href":"http:\/\/elcuartopoder.com.mx\/nw\/wp-json\/wp\/v2\/posts\/90202\/revisions"}],"predecessor-version":[{"id":90204,"href":"http:\/\/elcuartopoder.com.mx\/nw\/wp-json\/wp\/v2\/posts\/90202\/revisions\/90204"}],"wp:featuredmedia":[{"embeddable":true,"href":"http:\/\/elcuartopoder.com.mx\/nw\/wp-json\/wp\/v2\/media\/90203"}],"wp:attachment":[{"href":"http:\/\/elcuartopoder.com.mx\/nw\/wp-json\/wp\/v2\/media?parent=90202"}],"wp:term":[{"taxonomy":"category","embeddable":true,"href":"http:\/\/elcuartopoder.com.mx\/nw\/wp-json\/wp\/v2\/categories?post=90202"},{"taxonomy":"post_tag","embeddable":true,"href":"http:\/\/elcuartopoder.com.mx\/nw\/wp-json\/wp\/v2\/tags?post=90202"}],"curies":[{"name":"wp","href":"https:\/\/api.w.org\/{rel}","templated":true}]}}