{"id":90205,"date":"2021-04-26T09:39:15","date_gmt":"2021-04-26T14:39:15","guid":{"rendered":"http:\/\/elcuartopoder.com.mx\/nw\/?p=90205"},"modified":"2021-04-26T09:39:17","modified_gmt":"2021-04-26T14:39:17","slug":"grandes-obras-anunciadas-en-campanas-politicas-del-actual-gobierno-permanecen-en-el-olvido-y-en-riesgo-de-no-realizarse","status":"publish","type":"post","link":"http:\/\/elcuartopoder.com.mx\/nw\/estatales\/grandes-obras-anunciadas-en-campanas-politicas-del-actual-gobierno-permanecen-en-el-olvido-y-en-riesgo-de-no-realizarse\/","title":{"rendered":"Grandes Obras Anunciadas en Campa\u00f1as Pol\u00edticas del Actual Gobierno Permanecen en el Olvido y en Riesgo de No Realizarse"},"content":{"rendered":"\n<div class=\"wp-block-image\"><figure class=\"aligncenter\"><img decoding=\"async\" src=\"https:\/\/cambio22.info\/wp-content\/uploads\/2021\/04\/CHAL2.jpg\" alt=\"\" class=\"wp-image-58248\"\/><\/figure><\/div>\n\n\n\n<p class=\"wp-block-paragraph\">&nbsp;Alejandra Carrasco Rend\u00f3n, Primera Vicepresidenta de la C\u00e1mara Nacional de Comercio (Canaco) en Chetumal lament\u00f3 la falta de inter\u00e9s en los proyectos del Parque Industrial con Recinto Fiscalizado, el Dragado del Canal de Zaragoza y la Central de Abastos, que hasta el momento ninguno de ellos se han logrado concretar.<\/p>\n\n\n\n<p class=\"wp-block-paragraph\">Indic\u00f3 que la preocupaci\u00f3n es que esas grandes obras anunciadas corren el riesgo de no concretarse, debido a que solo queda un a\u00f1o del gobierno estatal y el empresariado se mantiene en la incertidumbre.<\/p>\n\n\n\n<div class=\"wp-block-image\"><figure class=\"aligncenter\"><img decoding=\"async\" src=\"https:\/\/cambio22.info\/wp-content\/uploads\/2021\/04\/CHAL1.jpg\" alt=\"\" class=\"wp-image-58247\"\/><\/figure><\/div>\n\n\n\n<p class=\"wp-block-paragraph\">\u201cSon cuestiones que no deben de pasar porque las Secretar\u00edas tienen estructuras completas que se deben de dedicar y se debe de abocar a sus funciones y a sus responsabilidades que les corresponden\u201d, manifest\u00f3.<\/p>\n\n\n\n<p class=\"wp-block-paragraph\">Con respecto al Parque Industrial con Recinto Fiscalizado, dijo que a\u00fan no se han concluido la construcci\u00f3n de las naves y que se prometieron dentro del mismo proyecto a pesar de que est\u00e1 por terminar el sexenio del gobernador del estado, Carlos Joaqu\u00edn Gonz\u00e1lez.<\/p>\n\n\n\n<p class=\"wp-block-paragraph\">Carrasco Rend\u00f3n recalc\u00f3 que no es un proyecto que pueda ser ajeno a la capital del estado pero no se le ha dado la importancia en cuanto la promoci\u00f3n para atraer la inversi\u00f3n.<\/p>\n\n\n\n<p class=\"wp-block-paragraph\">En cuanto al Dragado del Canal de Zaragoza, reconoci\u00f3 que el sector empresarial apoyo en su momento al proyecto; sin embargo, Alicia Ricalde Maga\u00f1a, directora de la (API) no contempl\u00f3 la cuesti\u00f3n ecol\u00f3gica pues no se puede destruir el arrecife para continuar con la obra.<\/p>\n\n\n\n<p class=\"wp-block-paragraph\">\u201cYo creo que es algo que no contemplaron al inicio cuando dijeron que se impulsar\u00e1 el desarrollo del Canal de Zaragoza, por la parte ecol\u00f3gica si lo veo problem\u00e1tico porque todo tiene que ir de la mano con el cuidado del ambiente\u201d, subray\u00f3.<\/p>\n\n\n\n<p class=\"wp-block-paragraph\">En el caso del la Central de Abastos, remarc\u00f3 que tampoco se tiene avances y si bien es una esperanza para la zona sur y Chetumal pero no se ve las intenciones de concluir con la obra.<\/p>\n\n\n\n<p class=\"wp-block-paragraph\">Precis\u00f3 que si bien ten\u00edan el conocimiento desde el inicio de los proyectos denominados como \u201cemblem\u00e1ticos\u201d y que se supon\u00eda vendr\u00edan a dar un impulso a la zona sur; sin embargo, al no haber la dedicaci\u00f3n por parte de los responsables, son obras que han quedado inconclusas desde hace muchos a\u00f1os.<\/p>\n\n\n\n<p class=\"wp-block-paragraph\"><strong>Fuente:<\/strong>&nbsp;cambio22<br><\/p>\n","protected":false},"excerpt":{"rendered":"<p>&nbsp;Alejandra Carrasco Rend\u00f3n, Primera Vicepresidenta de la C\u00e1mara Nacional de Comercio (Canaco) en Chetumal lament\u00f3 la falta de inter\u00e9s en los proyectos del Parque Industrial con Recinto Fiscalizado, el Dragado del Canal de Zaragoza y la Central de Abastos, que hasta el momento ninguno de ellos se han logrado concretar. Indic\u00f3 que la preocupaci\u00f3n es [&hellip;]<\/p>\n","protected":false},"author":2,"featured_media":90206,"comment_status":"open","ping_status":"open","sticky":false,"template":"","format":"standard","meta":{"footnotes":""},"categories":[60],"tags":[],"class_list":["post-90205","post","type-post","status-publish","format-standard","has-post-thumbnail","hentry","category-estatales"],"_links":{"self":[{"href":"http:\/\/elcuartopoder.com.mx\/nw\/wp-json\/wp\/v2\/posts\/90205","targetHints":{"allow":["GET"]}}],"collection":[{"href":"http:\/\/elcuartopoder.com.mx\/nw\/wp-json\/wp\/v2\/posts"}],"about":[{"href":"http:\/\/elcuartopoder.com.mx\/nw\/wp-json\/wp\/v2\/types\/post"}],"author":[{"embeddable":true,"href":"http:\/\/elcuartopoder.com.mx\/nw\/wp-json\/wp\/v2\/users\/2"}],"replies":[{"embeddable":true,"href":"http:\/\/elcuartopoder.com.mx\/nw\/wp-json\/wp\/v2\/comments?post=90205"}],"version-history":[{"count":1,"href":"http:\/\/elcuartopoder.com.mx\/nw\/wp-json\/wp\/v2\/posts\/90205\/revisions"}],"predecessor-version":[{"id":90207,"href":"http:\/\/elcuartopoder.com.mx\/nw\/wp-json\/wp\/v2\/posts\/90205\/revisions\/90207"}],"wp:featuredmedia":[{"embeddable":true,"href":"http:\/\/elcuartopoder.com.mx\/nw\/wp-json\/wp\/v2\/media\/90206"}],"wp:attachment":[{"href":"http:\/\/elcuartopoder.com.mx\/nw\/wp-json\/wp\/v2\/media?parent=90205"}],"wp:term":[{"taxonomy":"category","embeddable":true,"href":"http:\/\/elcuartopoder.com.mx\/nw\/wp-json\/wp\/v2\/categories?post=90205"},{"taxonomy":"post_tag","embeddable":true,"href":"http:\/\/elcuartopoder.com.mx\/nw\/wp-json\/wp\/v2\/tags?post=90205"}],"curies":[{"name":"wp","href":"https:\/\/api.w.org\/{rel}","templated":true}]}}