{"id":90215,"date":"2021-04-26T14:17:48","date_gmt":"2021-04-26T19:17:48","guid":{"rendered":"http:\/\/elcuartopoder.com.mx\/nw\/?p=90215"},"modified":"2021-04-26T14:18:17","modified_gmt":"2021-04-26T19:18:17","slug":"la-mataviejitas-asesina-o-victima","status":"publish","type":"post","link":"http:\/\/elcuartopoder.com.mx\/nw\/destacadas\/la-mataviejitas-asesina-o-victima\/","title":{"rendered":"La Mataviejitas, \u00bfasesina o v\u00edctima?"},"content":{"rendered":"\n<p class=\"wp-block-paragraph\">\u00bfC\u00f3mo se construye en M\u00e9xico una asesina serial?, \u00bfes la Mataviejitas una peligrosa homicida?, \u00bfo solo es otra v\u00edctima de esa construcci\u00f3n arquet\u00edpica? Esa era la pregunta que rondaba a la profesora e investigadora Susana Vargas mientras segu\u00eda desde Estados Unidos uno de los casos que sacudi\u00f3 a M\u00e9xico durante m\u00e1s de una d\u00e9cada. Desde finales de los noventa hasta 2006, la misteriosa muerte violenta de adultas mayores y la posibilidad de que detr\u00e1s de los macabros asesinatos estuviera una sola persona aterrorizaba a un pa\u00eds que amanec\u00eda ya por esos a\u00f1os con cr\u00edmenes brutales, como los de Los Zetas o los narcosat\u00e1nicos. Ni los descuartizados, ni las matanzas, ni los asesinatos masivos de mujeres trabajadoras de Ciudad Ju\u00e1rez de esos a\u00f1os hab\u00edan logrado una movilizaci\u00f3n tal de las autoridades como los operativos que se emprendieron entre 2005 y 2006 para cazar al que cre\u00edan entonces que estaba detr\u00e1s de la estrangulaci\u00f3n de esas mujeres mayores. La detenci\u00f3n de Juana Barraza, de 49 a\u00f1os entonces, apodada La Mataviejitas, removi\u00f3 los cimientos de una cultura que, seg\u00fan Vargas, fue clave para la construcci\u00f3n del enemigo p\u00fablico de M\u00e9xico.<\/p>\n\n\n\n<p class=\"wp-block-paragraph\">Detr\u00e1s de La Mataviejitas estaba Juana Barraza. Una mujer corpulenta, de 1,75 metros de altura, que se hab\u00eda dedicado toda su vida a la lucha libre y al comercio. Una mujer que los crimin\u00f3logos de entonces definieron tras su arresto con una \u201ctendencia innata a la violencia seria\u201d, con una \u201cmirada fr\u00eda y calculadora\u201d. Poco se sabe de la Barraza real, adem\u00e1s de que ten\u00eda tres hijos, el personaje ocup\u00f3 todas las portadas de peri\u00f3dicos durante a\u00f1os. Las fotos de ella enmascarada como&nbsp;<em>La Dama del Silencio<\/em>, su apodo en el&nbsp;<em>ring<\/em>, mostrando b\u00edceps y sosteniendo un cintur\u00f3n que le cubr\u00eda el abdomen, supusieron la confirmaci\u00f3n definitiva de que un cuerpo masculino como aquel hab\u00eda sido capaz de las peores atrocidades: estrangular a sangre fr\u00eda a decenas de se\u00f1oras, echando mano de un estetoscopio. Barraza reconoce solo uno de los 16 cr\u00edmenes que se le imputaron.<\/p>\n\n\n\n<p class=\"wp-block-paragraph\">Se encuentra en prisi\u00f3n desde 2006 con la condena m\u00e1s alta que se le ha otorgado a un criminal en la historia de M\u00e9xico: 759 a\u00f1os. Y se trata de la \u00fanica asesina en serie jam\u00e1s se\u00f1alada como tal antes de su captura en M\u00e9xico. \u201cEste tipo de violencia era algo que los mexicanos observ\u00e1bamos en las pel\u00edculas, en Estados Unidos, un fen\u00f3meno desconocido para nosotros&#8230;\u201d, lleg\u00f3 a se\u00f1alar el entonces fiscal de la Ciudad de M\u00e9xico, Renato Sales Heredia. Y estas declaraciones sorprendieron a Vargas: \u201c\u00bfPor qu\u00e9 los asesinos seriales son m\u00e1s terror\u00edficos que los l\u00edderes de los c\u00e1rteles de la droga?\u201d.<\/p>\n\n\n\n<p class=\"wp-block-paragraph\">Para Vargas, el peor crimen que Barraza pudo cometer en M\u00e9xico fue\u00a0asesinar a adultas mayores. Consideradas en el imaginario colectivo como las madres de la patria. Las m\u00e1s vulnerables, \u201cdesexualizadas\u201d, con una vocaci\u00f3n exclusivamente maternal: la mism\u00edsima Virgen de Guadalupe. Y su verdugo, una mujer que representa el arquetipo antifemenino, abandonada por su madre, vendida desde que era peque\u00f1a al mejor postor, un se\u00f1or que la cuid\u00f3 como su hija. \u201cLa Mataviejitas tiene una historia muy similar a la de Malintzin [la Malinche]\u201d, se\u00f1ala Vargas. La leyenda negra de la Malinche representa la traici\u00f3n en M\u00e9xico, la mujer pol\u00edglota que fue vendida como esclava a Hern\u00e1n Cort\u00e9s y que se convirti\u00f3 en su traductora y consejera, acusada de provocar las grandes matanzas de los conquistadores. El primer enemigo p\u00fablico de M\u00e9xico, desde antes de que se formara el pa\u00eds.<\/p>\n\n\n\n<p class=\"wp-block-paragraph\">Vargas cuestiona en el libro\u00a0<em>La Mataviejitas<\/em>\u00a0(publicado en ingl\u00e9s,\u00a0<em>The Little Old Lady Killer<\/em>) las bases de una criminolog\u00eda que se remonta a principios del siglo XX para certificar a\u00a0Barraza como una asesina serial\u00a0en toda regla. \u201cNo siente remordimiento\u201d, llegaban a decir de ella algunos de los que la revisaron tras la captura, adem\u00e1s de analizar su mirada en diferentes situaciones como prueba irrefutable de su criminalidad. La detenci\u00f3n de La Mataviejitas fue el espect\u00e1culo de esos a\u00f1os y Vargas explica c\u00f3mo detr\u00e1s de la construcci\u00f3n de aquel personaje operaba tambi\u00e9n toda la moralina mexicana.<\/p>\n\n\n\n<p class=\"wp-block-paragraph\">Cuando comenzaron a investigar los cr\u00edmenes como un caso de violencia en serie, las autoridades buscaban a un hombre \u201cbrillante\u201d. El estereotipo de asesino serial estaba relacionado con hombres extremadamente inteligentes, seg\u00fan los manuales de criminolog\u00eda. Despu\u00e9s de que los testigos aseguraran que hab\u00edan visto a alguien con ropa de mujer, ni siquiera contemplaron la posibilidad de que se tratara de una asesina, sino de un asesino travesti. No fue\u00a0hasta la detenci\u00f3n de Barraza, poco despu\u00e9s de cometer el \u00fanico crimen que ella reconoce, el de una mujer de unos 80 a\u00f1os en su piso, estrangulada de la misma forma, con un estetoscopio, que las autoridades reconocieron un nuevo perfil criminal: el de una mujer que ya no era \u201cbrillante\u201d, sino pobre y analfabeta.<\/p>\n\n\n\n<p class=\"wp-block-paragraph\">Vargas insiste, no obstante, en que su trabajo no trata de defender a criminal. Su objetivo era comprender qu\u00e9 aspectos de la cultura tradicional, como el concepto que se tiene de lo que debe ser una mujer, tambi\u00e9n por parte de las v\u00edctimas, influyeron en la satanizaci\u00f3n de una asesina por la que se moviliz\u00f3 un pa\u00eds, mientras que el resto de cr\u00edmenes del narco quedaban impunes. \u201cResulta interesante c\u00f3mo La Mataviejitas no exist\u00eda sin su disfraz, como la \u00fanica forma en la que una mujer puede existir. Esto la exime incluso de responsabilidad\u201d, se\u00f1ala Vargas.<\/p>\n\n\n\n<div class=\"wp-block-image\"><figure class=\"alignright is-resized\"><img loading=\"lazy\" decoding=\"async\" src=\"https:\/\/imagenes.elpais.com\/resizer\/fXF8UIuS5Gs0pj3sJEaSZk5D0q8=\/414x0\/cloudfront-eu-central-1.images.arcpublishing.com\/prisa\/WLJTARSNPVHULC2FMYU73H4EVY.jpg\" alt=\" Susana Vargas con la portada del libro &quot;Killer&quot;.\" width=\"380\" height=\"286\"\/><figcaption>Susana Vargas con la portada del libro \u00abKiller\u00bb.CRISTINA DE MIDDEL \/ MAGNUM PHOTOS<\/figcaption><\/figure><\/div>\n\n\n\n<p class=\"wp-block-paragraph\">En febrero de 2017, Vargas se reuni\u00f3 con Barraza en el penal de Santa Marta, en Ciudad de M\u00e9xico. Le sorprendi\u00f3 no observar en la imponente mujer la mirada fr\u00eda de la que tanto hab\u00eda le\u00eddo. \u201cSonre\u00eda hasta con los ojos\u201d, relata. Le cont\u00f3 algo que no esperaba. \u201cMe dijo que su actividad principal en la prisi\u00f3n consist\u00eda en pasear ancianas, \u00bfte lo puedes creer?\u201d, se\u00f1ala entre risas la investigadora. No era un chiste. El enemigo p\u00fablico de M\u00e9xico, La Mataviejitas, ya no sonre\u00eda ni estaba bromeando. \u201c\u00bfSabes lo que me dicen?: \u201c\u00bfQui\u00e9n te crees que eres? T\u00fa no me mandas\u201d\u201d, relata en la parte del libro sobre ese encuentro. Y destac\u00f3 c\u00f3mo despu\u00e9s de m\u00e1s de una d\u00e9cada en prisi\u00f3n y del monstruo que representaba para el pa\u00eds, solo hab\u00eda algo que la martirizaba de lo que pensaran de ella: \u201cPuedo ser lo que quieran, pero ante todo soy una buena madre\u201d.<\/p>\n\n\n\n<p class=\"wp-block-paragraph\"><strong>Fuente:<\/strong> elpa\u00eds<\/p>\n","protected":false},"excerpt":{"rendered":"<p>\u00bfC\u00f3mo se construye en M\u00e9xico una asesina serial?, \u00bfes la Mataviejitas una peligrosa homicida?, \u00bfo solo es otra v\u00edctima de esa construcci\u00f3n arquet\u00edpica? Esa era la pregunta que rondaba a la profesora e investigadora Susana Vargas mientras segu\u00eda desde Estados Unidos uno de los casos que sacudi\u00f3 a M\u00e9xico durante m\u00e1s de una d\u00e9cada. Desde [&hellip;]<\/p>\n","protected":false},"author":2,"featured_media":90217,"comment_status":"open","ping_status":"open","sticky":false,"template":"","format":"standard","meta":{"footnotes":""},"categories":[59],"tags":[],"class_list":["post-90215","post","type-post","status-publish","format-standard","has-post-thumbnail","hentry","category-destacadas"],"_links":{"self":[{"href":"http:\/\/elcuartopoder.com.mx\/nw\/wp-json\/wp\/v2\/posts\/90215","targetHints":{"allow":["GET"]}}],"collection":[{"href":"http:\/\/elcuartopoder.com.mx\/nw\/wp-json\/wp\/v2\/posts"}],"about":[{"href":"http:\/\/elcuartopoder.com.mx\/nw\/wp-json\/wp\/v2\/types\/post"}],"author":[{"embeddable":true,"href":"http:\/\/elcuartopoder.com.mx\/nw\/wp-json\/wp\/v2\/users\/2"}],"replies":[{"embeddable":true,"href":"http:\/\/elcuartopoder.com.mx\/nw\/wp-json\/wp\/v2\/comments?post=90215"}],"version-history":[{"count":1,"href":"http:\/\/elcuartopoder.com.mx\/nw\/wp-json\/wp\/v2\/posts\/90215\/revisions"}],"predecessor-version":[{"id":90216,"href":"http:\/\/elcuartopoder.com.mx\/nw\/wp-json\/wp\/v2\/posts\/90215\/revisions\/90216"}],"wp:featuredmedia":[{"embeddable":true,"href":"http:\/\/elcuartopoder.com.mx\/nw\/wp-json\/wp\/v2\/media\/90217"}],"wp:attachment":[{"href":"http:\/\/elcuartopoder.com.mx\/nw\/wp-json\/wp\/v2\/media?parent=90215"}],"wp:term":[{"taxonomy":"category","embeddable":true,"href":"http:\/\/elcuartopoder.com.mx\/nw\/wp-json\/wp\/v2\/categories?post=90215"},{"taxonomy":"post_tag","embeddable":true,"href":"http:\/\/elcuartopoder.com.mx\/nw\/wp-json\/wp\/v2\/tags?post=90215"}],"curies":[{"name":"wp","href":"https:\/\/api.w.org\/{rel}","templated":true}]}}