{"id":90240,"date":"2021-04-26T20:51:41","date_gmt":"2021-04-27T01:51:41","guid":{"rendered":"http:\/\/elcuartopoder.com.mx\/nw\/?p=90240"},"modified":"2021-04-26T20:51:42","modified_gmt":"2021-04-27T01:51:42","slug":"recale-de-sargazo-azota-de-nuevo-a-playa-del-carmen","status":"publish","type":"post","link":"http:\/\/elcuartopoder.com.mx\/nw\/municipales\/recale-de-sargazo-azota-de-nuevo-a-playa-del-carmen\/","title":{"rendered":"Recale de sargazo azota de nuevo a Playa del Carmen"},"content":{"rendered":"\n<p class=\"wp-block-paragraph\">Un&nbsp;<strong>segundo recale de sargazo<\/strong>&nbsp;y en altas cantidades, se registr\u00f3 nuevamente en&nbsp;<strong>costas de Playa del Carmen<\/strong>. Prestadores de servicios tur\u00edsticos pidieron acciones contundentes de manera urgente.<\/p>\n\n\n\n<p class=\"wp-block-paragraph\">En esta ocasi\u00f3n la llegada del alga fue de manera excesiva. \u201cMonta\u00f1as\u201d de sargazo de casi dos metros de altura se observaban en playa El Recodo, la m\u00e1s afectada; aunque, de acuerdo con reportes, otros arenales registraron la misma situaci\u00f3n, como Caribe, en las inmediaciones de la&nbsp;<strong>terminal mar\u00edtima de Playa del Carmen y Punta Esmeralda<\/strong>, al norte de la ciudad.<\/p>\n\n\n\n<p class=\"wp-block-paragraph\">De acuerdo con trabajadores, todav\u00eda la ma\u00f1ana del viernes las playas del centro de la ciudad luc\u00edan con sus arenales libres del alga; no obstante, durante la tarde de ese mismo d\u00eda de manera paulatina el sargazo comenz\u00f3 a llegar y, hasta la ma\u00f1ana del s\u00e1bado,&nbsp;<strong>hab\u00eda altas cantidades de sargazo.<\/strong><\/p>\n\n\n\n<p class=\"wp-block-paragraph\">Jos\u00e9 G\u00f3mez Burgos, secretario de la cooperativa tur\u00edstica del Mar Caribe,&nbsp;<strong>teme que haya una situaci\u00f3n similar a lo que ocurri\u00f3 en 2019<\/strong>, cuando el sargazo lleg\u00f3 en tal cantidad que el destino se volvi\u00f3 medi\u00e1tico en esa ocasi\u00f3n.<\/p>\n\n\n\n<blockquote class=\"wp-block-quote is-layout-flow wp-block-quote-is-layout-flow\"><p>\u201cContin\u00faa llegando el sargazo, a pesar de los esfuerzos por retirarla con una barrera, \u00e9ste no cumple con la altura y el sargazo pasa\u201d, dijo G\u00f3mez Burgos, quien agreg\u00f3 que la llegada del alga se debe a los vientos del sureste que se registran en la regi\u00f3n.<\/p><\/blockquote>\n\n\n\n<p class=\"wp-block-paragraph\">El tipo de alga que ha comenzado a arribar es de color dorado, el habitual que com\u00fanmente ha recalado en la zona costera. A pesar que hay una barrera extendida de muelle a muelle, este&nbsp;<strong>no ha tenido la suficiente fuerza<\/strong>&nbsp;para detener el sargazo; incluso, seg\u00fan pescadores, una embarcaci\u00f3n lo atraves\u00f3 en su parte superior sin dificultad.<\/p>\n\n\n\n<p class=\"wp-block-paragraph\">Durante la ma\u00f1ana de ayer, en la playa El Recodo, se observ\u00f3 una cuadrilla aproximada de 30 personas recolectando el alga, con herramientas, maquinaria pesada y un volquete.<\/p>\n\n\n\n<figure class=\"wp-block-image\"><a href=\"https:\/\/images.sipse.com\/8TaUHeR_PT1FmoFU3vFvoJlRfaY=\/fit-in\/900x500\/2021\/04\/25\/1619327531928.JPG\"><img decoding=\"async\" src=\"https:\/\/images.sipse.com\/OUiAtLWaML_0QKA3mQbxvRvZqd4=\/fit-in\/580x500\/2021\/04\/25\/1619327531928.JPG\" alt=\"\"\/><\/a><\/figure>\n\n\n\n<p class=\"wp-block-paragraph\">&nbsp;(Foto: Octavio Mart\u00ednez)<\/p>\n\n\n\n<figure class=\"wp-block-image\"><a href=\"https:\/\/images.sipse.com\/o2HakyrWBmte6_p0sXvS1HW22Qo=\/fit-in\/900x500\/2021\/04\/25\/1619327531991.JPG\"><img decoding=\"async\" src=\"https:\/\/images.sipse.com\/uP6aiSS9USkNoHIxpSm2Tms1c4g=\/fit-in\/580x500\/2021\/04\/25\/1619327531991.JPG\" alt=\"\"\/><\/a><\/figure>\n\n\n\n<p class=\"wp-block-paragraph\">(Foto: Octavio Mart\u00ednez) <\/p>\n\n\n\n<p class=\"wp-block-paragraph\"><strong>Fuente:<\/strong> SIPSE<\/p>\n","protected":false},"excerpt":{"rendered":"<p>Un&nbsp;segundo recale de sargazo&nbsp;y en altas cantidades, se registr\u00f3 nuevamente en&nbsp;costas de Playa del Carmen. Prestadores de servicios tur\u00edsticos pidieron acciones contundentes de manera urgente. En esta ocasi\u00f3n la llegada del alga fue de manera excesiva. \u201cMonta\u00f1as\u201d de sargazo de casi dos metros de altura se observaban en playa El Recodo, la m\u00e1s afectada; aunque, [&hellip;]<\/p>\n","protected":false},"author":2,"featured_media":90241,"comment_status":"open","ping_status":"open","sticky":false,"template":"","format":"standard","meta":{"footnotes":""},"categories":[6],"tags":[],"class_list":["post-90240","post","type-post","status-publish","format-standard","has-post-thumbnail","hentry","category-municipales"],"_links":{"self":[{"href":"http:\/\/elcuartopoder.com.mx\/nw\/wp-json\/wp\/v2\/posts\/90240","targetHints":{"allow":["GET"]}}],"collection":[{"href":"http:\/\/elcuartopoder.com.mx\/nw\/wp-json\/wp\/v2\/posts"}],"about":[{"href":"http:\/\/elcuartopoder.com.mx\/nw\/wp-json\/wp\/v2\/types\/post"}],"author":[{"embeddable":true,"href":"http:\/\/elcuartopoder.com.mx\/nw\/wp-json\/wp\/v2\/users\/2"}],"replies":[{"embeddable":true,"href":"http:\/\/elcuartopoder.com.mx\/nw\/wp-json\/wp\/v2\/comments?post=90240"}],"version-history":[{"count":1,"href":"http:\/\/elcuartopoder.com.mx\/nw\/wp-json\/wp\/v2\/posts\/90240\/revisions"}],"predecessor-version":[{"id":90242,"href":"http:\/\/elcuartopoder.com.mx\/nw\/wp-json\/wp\/v2\/posts\/90240\/revisions\/90242"}],"wp:featuredmedia":[{"embeddable":true,"href":"http:\/\/elcuartopoder.com.mx\/nw\/wp-json\/wp\/v2\/media\/90241"}],"wp:attachment":[{"href":"http:\/\/elcuartopoder.com.mx\/nw\/wp-json\/wp\/v2\/media?parent=90240"}],"wp:term":[{"taxonomy":"category","embeddable":true,"href":"http:\/\/elcuartopoder.com.mx\/nw\/wp-json\/wp\/v2\/categories?post=90240"},{"taxonomy":"post_tag","embeddable":true,"href":"http:\/\/elcuartopoder.com.mx\/nw\/wp-json\/wp\/v2\/tags?post=90240"}],"curies":[{"name":"wp","href":"https:\/\/api.w.org\/{rel}","templated":true}]}}