{"id":90253,"date":"2021-04-27T09:07:06","date_gmt":"2021-04-27T14:07:06","guid":{"rendered":"http:\/\/elcuartopoder.com.mx\/nw\/?p=90253"},"modified":"2021-04-27T09:07:09","modified_gmt":"2021-04-27T14:07:09","slug":"el-infonavit-ofrecera-facilidades-de-pago-para-los-morosos-y-monitoreara-a-los-despachos-de-cobranza","status":"publish","type":"post","link":"http:\/\/elcuartopoder.com.mx\/nw\/nacionales\/el-infonavit-ofrecera-facilidades-de-pago-para-los-morosos-y-monitoreara-a-los-despachos-de-cobranza\/","title":{"rendered":"El Infonavit ofrecer\u00e1 facilidades de pago para los morosos y monitorear\u00e1 a los despachos de cobranza"},"content":{"rendered":"\n<p class=\"wp-block-paragraph\">El Instituto del Fondo Nacional de la Vivienda para los Trabajadores (<strong>Infonavit<\/strong>) inform\u00f3 que a partir de ahora&nbsp;<strong>monitorear\u00e1 el estatus de cobranza<\/strong>&nbsp;de las y los derechohabientes para poder ofrecer<strong>&nbsp;facilidades de pago<\/strong>&nbsp;a quienes presenten dificultades para liquidar su deuda.<\/p>\n\n\n\n<p class=\"wp-block-paragraph\">Por medio de un comunicado, el Instituto se\u00f1al\u00f3 que su nueva<strong>&nbsp;pol\u00edtica de cobranza social<\/strong>&nbsp;est\u00e1 enfocada en una visi\u00f3n humanista, por lo que se busca&nbsp;<strong>prevenir adeudos<\/strong>&nbsp;y&nbsp;<strong>facilitar el proceso de pago<\/strong>&nbsp;para los beneficiarios del cr\u00e9dito.<\/p>\n\n\n\n<p class=\"wp-block-paragraph\">Recalc\u00f3 que este nuevo esquema de cobranza estar\u00e1 basado en el monitoreo del comportamiento hist\u00f3rico de los cr\u00e9ditos, conducta financiera, an\u00e1lisis actual de la capacidad y voluntad de pago, \u201cpara ofrecer soluciones oportunas de acuerdo con las necesidades de cada familia\u201d.<\/p>\n\n\n\n<blockquote class=\"wp-block-quote is-layout-flow wp-block-quote-is-layout-flow\"><p>\u201cCon el objetivo de atender las necesidades de las y los trabajadores, el Infonavit renov\u00f3 su pol\u00edtica de cobranza social, dando prioridad a un enfoque humanista que privilegiar\u00e1 el contacto oportuno con las personas que enfrentan dificultades para pagar y facilitar\u00e1 que los pagos se sigan realizando puntualmente\u201d, se lee en el documento.<\/p><\/blockquote>\n\n\n\n<blockquote class=\"wp-block-quote is-layout-flow wp-block-quote-is-layout-flow\"><p>Nuestra nueva Pol\u00edtica de Cobranza Social es sensible a las necesidades de las personas. Se basa en el an\u00e1lisis de las condiciones laborales, salariales y financieras de las y los trabajadores para ofrecerles apoyos que les permitan seguir pagando y proteger su patrimonio.&nbsp;<a href=\"https:\/\/t.co\/jt3PEqtsYg\">pic.twitter.com\/jt3PEqtsYg<\/a><\/p><p>\u2014 Infonavit (@Infonavit)&nbsp;<a href=\"https:\/\/twitter.com\/Infonavit\/status\/1386681476725370881?ref_src=twsrc%5Etfw\">April 26, 2021<\/a><\/p><\/blockquote>\n\n\n\n<p class=\"wp-block-paragraph\">El Infonavit se\u00f1al\u00f3 que con esta medida pretende que se realicen esfuerzos de cobranza temprana que permitan la disminuci\u00f3n de trabajadores con problemas de incumplimiento, la regularizaci\u00f3n de pagos e incentivar el h\u00e1bito de pago.<\/p>\n\n\n\n<p class=\"wp-block-paragraph\">Tambi\u00e9n ayudar\u00e1 a anticipar problemas econ\u00f3micos de las personas que se presenten por cambios fuera del control del Infonavit, como la din\u00e1mica del mercado laboral, revoluci\u00f3n tecnol\u00f3gica, desastres naturales, entre otros.<\/p>\n\n\n\n<p class=\"wp-block-paragraph\">Adem\u00e1s, la dependencia detall\u00f3 que se ofrecer\u00e1n facilidades de pago para aquellas personas que tengan morosidad de entre cuatro y nueve pagos, para que as\u00ed se pueda reducir el deterioro de la cuenta.<\/p>\n\n\n\n<blockquote class=\"wp-block-quote is-layout-flow wp-block-quote-is-layout-flow\"><p>\u201cPara las y los acreditados que se encuentren en situaci\u00f3n de cartera vencida, con una morosidad de entre cuatro y nueve pagos, el Infonavit ofrecer\u00e1 facilidades para regresar los cr\u00e9ditos a un estatus de vigente, a trav\u00e9s de pagos completos, con el objetivo de reducir el deterioro de la cuenta\u201d, indic\u00f3.<\/p><\/blockquote>\n\n\n\n<p class=\"wp-block-paragraph\">Sin embargo, aclar\u00f3 que en estos casos es importante considerar que la aplicaci\u00f3n de una reestructura en ning\u00fan momento dar\u00e1 lugar a la modificaci\u00f3n o extinci\u00f3n del contrato de cr\u00e9dito original.<\/p>\n\n\n\n<blockquote class=\"wp-block-quote is-layout-flow wp-block-quote-is-layout-flow\"><p>Como una medida complementaria, el Infonavit agreg\u00f3 que tambi\u00e9n monitorear\u00e1 a los despachos que funcionan como agentes de cobranza para evitar que se ejerzan malas pr\u00e1cticas, por lo que estar\u00e1 al pendiente de la capacidad para ayudar a las personas a mantener sus pagos al d\u00eda, satisfacci\u00f3n de las y los acreditados, entre otros conceptos.<\/p><\/blockquote>\n\n\n\n<p class=\"wp-block-paragraph\"><strong>Fuente:<\/strong> sinembargo<\/p>\n","protected":false},"excerpt":{"rendered":"<p>El Instituto del Fondo Nacional de la Vivienda para los Trabajadores (Infonavit) inform\u00f3 que a partir de ahora&nbsp;monitorear\u00e1 el estatus de cobranza&nbsp;de las y los derechohabientes para poder ofrecer&nbsp;facilidades de pago&nbsp;a quienes presenten dificultades para liquidar su deuda. Por medio de un comunicado, el Instituto se\u00f1al\u00f3 que su nueva&nbsp;pol\u00edtica de cobranza social&nbsp;est\u00e1 enfocada en una [&hellip;]<\/p>\n","protected":false},"author":2,"featured_media":90254,"comment_status":"open","ping_status":"open","sticky":false,"template":"","format":"standard","meta":{"footnotes":""},"categories":[55],"tags":[],"class_list":["post-90253","post","type-post","status-publish","format-standard","has-post-thumbnail","hentry","category-nacionales"],"_links":{"self":[{"href":"http:\/\/elcuartopoder.com.mx\/nw\/wp-json\/wp\/v2\/posts\/90253","targetHints":{"allow":["GET"]}}],"collection":[{"href":"http:\/\/elcuartopoder.com.mx\/nw\/wp-json\/wp\/v2\/posts"}],"about":[{"href":"http:\/\/elcuartopoder.com.mx\/nw\/wp-json\/wp\/v2\/types\/post"}],"author":[{"embeddable":true,"href":"http:\/\/elcuartopoder.com.mx\/nw\/wp-json\/wp\/v2\/users\/2"}],"replies":[{"embeddable":true,"href":"http:\/\/elcuartopoder.com.mx\/nw\/wp-json\/wp\/v2\/comments?post=90253"}],"version-history":[{"count":1,"href":"http:\/\/elcuartopoder.com.mx\/nw\/wp-json\/wp\/v2\/posts\/90253\/revisions"}],"predecessor-version":[{"id":90255,"href":"http:\/\/elcuartopoder.com.mx\/nw\/wp-json\/wp\/v2\/posts\/90253\/revisions\/90255"}],"wp:featuredmedia":[{"embeddable":true,"href":"http:\/\/elcuartopoder.com.mx\/nw\/wp-json\/wp\/v2\/media\/90254"}],"wp:attachment":[{"href":"http:\/\/elcuartopoder.com.mx\/nw\/wp-json\/wp\/v2\/media?parent=90253"}],"wp:term":[{"taxonomy":"category","embeddable":true,"href":"http:\/\/elcuartopoder.com.mx\/nw\/wp-json\/wp\/v2\/categories?post=90253"},{"taxonomy":"post_tag","embeddable":true,"href":"http:\/\/elcuartopoder.com.mx\/nw\/wp-json\/wp\/v2\/tags?post=90253"}],"curies":[{"name":"wp","href":"https:\/\/api.w.org\/{rel}","templated":true}]}}