{"id":90278,"date":"2021-04-28T10:07:25","date_gmt":"2021-04-28T15:07:25","guid":{"rendered":"http:\/\/elcuartopoder.com.mx\/nw\/?p=90278"},"modified":"2021-04-28T10:07:26","modified_gmt":"2021-04-28T15:07:26","slug":"si-es-que-gana","status":"publish","type":"post","link":"http:\/\/elcuartopoder.com.mx\/nw\/editorial\/si-es-que-gana\/","title":{"rendered":"Si es que gana"},"content":{"rendered":"\n<p class=\"wp-block-paragraph\">Dos ponderados de encuestas del fin de semana coinciden en que el partido que llev\u00f3 a Andr\u00e9s Manuel L\u00f3pez Obrador a la Presidencia obtendr\u00e1 mayor\u00eda en la C\u00e1mara de Diputados sin tener que recurrir a sus aliados.&nbsp;<em>Oraculus<\/em>&nbsp;dice que Morena tiene 44 por ciento de la intenci\u00f3n de voto; PAN, 17 por ciento; PRI, 17 por ciento y PRD, 4 por ciento. Los tres \u00faltimos suman 38 por ciento. Seis puntos porcentuales menos que el partido oficial. Y&nbsp;<em>El Pa\u00eds<\/em>&nbsp;contabiliza para Morena 46.7 por ciento; PAN, 17 por ciento; PRI, 16.5 por ciento y PRD, 4.2 por ciento. El bloque tiene 37.7 por ciento, 9 puntos porcentuales menos que su n\u00e9mesis.<\/p>\n\n\n\n<p class=\"wp-block-paragraph\">Es un dato a tomar en cuenta porque faltan seis semanas para la gran elecci\u00f3n de 2021. Me llama la atenci\u00f3n adem\u00e1s porque, en medio de la pandemia y con casi toda la prensa en contra, el Presidente mismo sale bastante bien librado. Promedia 63 por ciento de aceptaci\u00f3n. Pocos mandatarios del mundo podr\u00edan presumir de eso. E incide, claro, en las tendencias de Morena. El comportamiento de ambos (AMLO y Morena) es paralelo, de acuerdo con casi todos los ejercicios demosc\u00f3picos.<\/p>\n\n\n\n<p class=\"wp-block-paragraph\">A\u00fan as\u00ed, faltando seis semanas, cualquiera ver\u00eda con prudencia las cifras. Los electores deben tomar una decisi\u00f3n responsable. Morena debe pensar que lo est\u00e1n alcanzando y el bloque opositor debe prepararse para el triunfo. Si es que gana. Y sobre lo \u00faltimo escribo. Porque los n\u00fameros hasta hoy lo ponen en un verdadero aprieto.<\/p>\n\n\n\n<p class=\"wp-block-paragraph\">El gran problema de la hist\u00f3rica alianza opositora viene de su origen; del pragmatismo bien calculado que conduce a un destino incierto; del pragmatismo que convoca al ahora pero que no calcula el destino; del llamado a apoyar a un bloque de partidos (que en teor\u00eda se contraponen) para ir contra L\u00f3pez Obrador, pero sin ofrecer algo a cambio. Se busca dinamitar diques y correr al bosque ideol\u00f3gico, donde los pinos no se comen y los depredadores acechan. Cualquiera puede pedir un voto para Va por M\u00e9xico, pero casi ninguno puede decir a cambio de qu\u00e9: s\u00ed, es ir contra el Presidente en el corto plazo; pero despu\u00e9s de eso, qu\u00e9.<\/p>\n\n\n\n<p class=\"wp-block-paragraph\">El bloque tiene un s\u00f3lo objetivo: vencer al lopezobradorismo. Y tiene, en el mejor de los casos, m\u00faltiples destinos que ser\u00e1n forjados sobre la marcha. Una vez que logre vencer \u2013si es que vence\u2013, toca ver cu\u00e1les l\u00edderes se imponen y marcan el rumbo.<\/p>\n\n\n\n<p class=\"wp-block-paragraph\">Habr\u00eda dos ganadores con mano: Claudio X. Gonz\u00e1lez y Gustavo de Hoyos; esa l\u00ednea conduce a dar m\u00e1s poder a los patrones y podr\u00eda colocarlos, a los dos, en la carrera por el 2024. Luego, en una segunda l\u00ednea, estar\u00eda una nata de abiertos aspirantes a la candidatura presidencial: Ricardo Anaya (representado en esta elecci\u00f3n por Marko Cort\u00e9s y Santiago Creel); Felipe Calder\u00f3n (con Margarita Zavala como rostro visible); Alfredo del Mazo (que viene del pe\u00f1ismo y tendr\u00eda muchos flancos abiertos); Miguel \u00c1ngel Osorio Chong (que est\u00e1 abatido incluso dentro de su propio partido); o incluso Javier Corral, dicen algunos (que quiz\u00e1s no gane ni Chihuahua), y p\u00e1rele de contar. Porque a Enrique Alfaro no le dar\u00e1 para mucho: Movimiento Ciudadano, de acuerdo con las encuestas a 6 semanas de la elecci\u00f3n, tiene las mismas preferencias que el PRD. Tendr\u00eda que pelear la candidatura primero con Jes\u00fas Zambrano y de all\u00ed hacia arriba.<\/p>\n\n\n\n<p class=\"wp-block-paragraph\">\u00bfEntonces? Despu\u00e9s de vencer \u2013si es que vence\u2013, la alianza opositora tendr\u00eda que ponerse de acuerdo para encontrarle destino al pa\u00eds en 2024. Pero ese destino estar\u00eda encausado por los ganadores (si es que ganan) y los l\u00edderes naturales. Y por los posibles candidatos.<\/p>\n\n\n\n<p class=\"wp-block-paragraph\">La primera opci\u00f3n para esa candidatura unificada estar\u00eda encabezada por los patrones (con Claudio X. o De Hoyos), si es que gana. La segunda, por dos que ya fueron derrotados en 2018: Anaya o Calder\u00f3n (con Margarita Zavala), peleados a muerte entre s\u00ed. La tercera parrilla es casi un chiste: Del Mazo u Osorio, hu\u00e9rfanos de Enrique Pe\u00f1a Nieto. \u00bfMe falta alguien? S\u00ed: el tapado. Eso es lo que suele decirse. Un ungido que est\u00e1 escondido para no quemarse o no arrugar la falda o el traje. Pero los invisibles de esa alianza, los que est\u00e1n pero no hacen ruido, dif\u00edcilmente ser\u00e1n candidatos. Empezando con Carlos Salinas de Gortari.<\/p>\n\n\n\n<p class=\"wp-block-paragraph\">La alianza opositora tuvo un buen arranque, de acuerdo con sus principios: aqu\u00e9l desplegado del 15 de julio del a\u00f1o pasado, cuando intelectuales y personalidades pidieron formar un bloque que sirviera de contrapeso al lopezobradorismo. Luego tuvo un buen seguimiento: Claudio X. y De Hoyos organizaron una agenda y convencieron a PAN, PRI y PRD a ir juntos. Pero se qued\u00f3 all\u00ed. Desde lejos, sin un futuro claro, la alianza da la impresi\u00f3n de ser un simple impulso del que se ahoga y manotea hasta que se agarra de una rama. Pero la rama dar\u00e1 la sensaci\u00f3n de que flota y no necesariamente cargar\u00e1 con el peso para salir de lo hondo del lago.<\/p>\n\n\n\n<p class=\"wp-block-paragraph\">Este bloque tiene que encontrar un motivo para justificarse en el corto plazo, m\u00e1s que simplemente ofrecer que derrotar\u00e1 al lopezobradorismo. Cualquiera preguntar\u00e1: s\u00ed, pero, \u00bfy eso para qu\u00e9? Creo que esta alianza sufre el destino de la reja de manzanas, como dir\u00edan en mi pueblo: s\u00ed, cierto, las manzanas se acomodan en la reja; pero si hay algunas podridas terminar\u00e1 por podrir al resto. Y quiz\u00e1s eso es lo que percibe la mayor\u00eda, a juzgar por los dos ponderados de encuestas del fin de semana.<\/p>\n\n\n\n<p class=\"wp-block-paragraph\">Dif\u00edcil votar por una alianza que no va a ninguna parte o que, si camina, es como encargarle un hijo a Salinas, a \u201clos Chuchos\u201d, al PRI de Pe\u00f1a, al PAN del Anaya o a Margarita o a Calder\u00f3n. Y cualquiera se preguntar\u00e1, con justa raz\u00f3n, si est\u00e1 dispuesto a dejar que un hijo vaya al parque con alguno de esos.<\/p>\n\n\n\n<p class=\"wp-block-paragraph\"><strong>Fuente:&nbsp;<\/strong>sinembargo<br><br><\/p>\n","protected":false},"excerpt":{"rendered":"<p>Dos ponderados de encuestas del fin de semana coinciden en que el partido que llev\u00f3 a Andr\u00e9s Manuel L\u00f3pez Obrador a la Presidencia obtendr\u00e1 mayor\u00eda en la C\u00e1mara de Diputados sin tener que recurrir a sus aliados.&nbsp;Oraculus&nbsp;dice que Morena tiene 44 por ciento de la intenci\u00f3n de voto; PAN, 17 por ciento; PRI, 17 por [&hellip;]<\/p>\n","protected":false},"author":2,"featured_media":90279,"comment_status":"open","ping_status":"open","sticky":false,"template":"","format":"standard","meta":{"footnotes":""},"categories":[63],"tags":[],"class_list":["post-90278","post","type-post","status-publish","format-standard","has-post-thumbnail","hentry","category-editorial"],"_links":{"self":[{"href":"http:\/\/elcuartopoder.com.mx\/nw\/wp-json\/wp\/v2\/posts\/90278","targetHints":{"allow":["GET"]}}],"collection":[{"href":"http:\/\/elcuartopoder.com.mx\/nw\/wp-json\/wp\/v2\/posts"}],"about":[{"href":"http:\/\/elcuartopoder.com.mx\/nw\/wp-json\/wp\/v2\/types\/post"}],"author":[{"embeddable":true,"href":"http:\/\/elcuartopoder.com.mx\/nw\/wp-json\/wp\/v2\/users\/2"}],"replies":[{"embeddable":true,"href":"http:\/\/elcuartopoder.com.mx\/nw\/wp-json\/wp\/v2\/comments?post=90278"}],"version-history":[{"count":1,"href":"http:\/\/elcuartopoder.com.mx\/nw\/wp-json\/wp\/v2\/posts\/90278\/revisions"}],"predecessor-version":[{"id":90280,"href":"http:\/\/elcuartopoder.com.mx\/nw\/wp-json\/wp\/v2\/posts\/90278\/revisions\/90280"}],"wp:featuredmedia":[{"embeddable":true,"href":"http:\/\/elcuartopoder.com.mx\/nw\/wp-json\/wp\/v2\/media\/90279"}],"wp:attachment":[{"href":"http:\/\/elcuartopoder.com.mx\/nw\/wp-json\/wp\/v2\/media?parent=90278"}],"wp:term":[{"taxonomy":"category","embeddable":true,"href":"http:\/\/elcuartopoder.com.mx\/nw\/wp-json\/wp\/v2\/categories?post=90278"},{"taxonomy":"post_tag","embeddable":true,"href":"http:\/\/elcuartopoder.com.mx\/nw\/wp-json\/wp\/v2\/tags?post=90278"}],"curies":[{"name":"wp","href":"https:\/\/api.w.org\/{rel}","templated":true}]}}