{"id":90305,"date":"2021-04-28T14:53:04","date_gmt":"2021-04-28T19:53:04","guid":{"rendered":"http:\/\/elcuartopoder.com.mx\/nw\/?p=90305"},"modified":"2021-04-28T14:53:06","modified_gmt":"2021-04-28T19:53:06","slug":"policia-de-cancun-y-guardia-nacional-despliegan-operativo-contra-incendio-de-autobuses","status":"publish","type":"post","link":"http:\/\/elcuartopoder.com.mx\/nw\/destacadas\/policia-de-cancun-y-guardia-nacional-despliegan-operativo-contra-incendio-de-autobuses\/","title":{"rendered":"Polic\u00eda de Canc\u00fan y Guardia Nacional despliegan operativo contra incendio de autobuses"},"content":{"rendered":"\n<p>La polic\u00eda de Canc\u00fan iniciar\u00e1 una serie de operativos luego de que se reportaron&nbsp;<strong>incendios provocados contra unidades del transporte p\u00fablico<\/strong>&nbsp;durante el fin de semana.<\/p>\n\n\n\n<p>La Secretar\u00eda Municipal de Seguridad P\u00fablica y Tr\u00e1nsito de Benito Ju\u00e1rez, inform\u00f3 que si bien ya iniciaron los operativos desde el s\u00e1bado pasado en el primer cuadro, \u00e9stos&nbsp;<strong>se ampliar\u00e1n a otras zonas de la ciudad<\/strong>, sobre todo en aquellas donde se dieron estos incidentes.<\/p>\n\n\n\n<p>Los d\u00edas, horarios y zonas en el municipio donde se establecer\u00e1n los operativos ser\u00e1n aleatorios para realizar las inspecciones pertinentes y detectar a posibles responsables de estos ataques incendiarios.<\/p>\n\n\n\n<p>Adem\u00e1s, los operativos no s\u00f3lo ser\u00e1n realizados por los elementos de la secretar\u00eda municipal, sino que tambi\u00e9n estar\u00e1n acompa\u00f1ados por la&nbsp;<strong>Polic\u00eda Estatal, la Guardia Nacional<\/strong>&nbsp;y dem\u00e1s instancias, las cuales trabajar\u00e1n de manera coordinada, de acuerdo con sus facultades.<\/p>\n\n\n\n<p>Asimismo, se trabaja en un esquema para redistribuir a los elementos que participar\u00e1n en estos operativos a fin de&nbsp;<strong>reforzar las zonas con mayores \u00edndices de inseguridad<\/strong>.<\/p>\n\n\n\n<p>La Fiscal\u00eda General del Estado ya comenz\u00f3 las investigaciones para dar con los responsables de los ataques.<\/p>\n\n\n\n<p>El s\u00e1bado pasado se registr\u00f3 uno de los ataques en el Crucero, en la sobre la avenida L\u00f3pez Portillo, en la Supermanzana 65, cuando presuntamente un&nbsp;<strong>hombre arroj\u00f3 una bomba molotov<\/strong>&nbsp; a un cami\u00f3n de la empresa concesionaria&nbsp;<strong>del transporte p\u00fablico Maya Caribe<\/strong>. Este hecho dej\u00f3 como saldo de un hombre herido.<\/p>\n\n\n\n<p>La noche del domingo ocurri\u00f3 el \u00faltimo ataque.&nbsp;<strong>Fue a una \u201curvan\u201d de la empresa Transporte Terrestre Estatal (TTE)<\/strong>&nbsp;que fue incendiada en la colonia Cuna Maya, sobre la avenida 20 de noviembre, en la regi\u00f3n 203, sin ning\u00fan herido.<\/p>\n\n\n\n<p>Hasta el cierre de la edici\u00f3n, ninguna de las empresas con concesi\u00f3n municipal en el transporte p\u00fablico se ha expresado al respecto de estos casos.<\/p>\n\n\n\n<figure class=\"wp-block-image\"><a href=\"https:\/\/images.sipse.com\/hRBfgfERC68FdCc9SoAvrkfqAws=\/fit-in\/900x500\/2021\/04\/27\/1619485323075.jpeg\"><img decoding=\"async\" src=\"https:\/\/images.sipse.com\/O3aW0th091faRPz25sO6bjp4o3U=\/fit-in\/580x500\/2021\/04\/27\/1619485323075.jpeg\" alt=\"\"\/><\/a><\/figure>\n\n\n\n<figure class=\"wp-block-image\"><a href=\"https:\/\/images.sipse.com\/J3dpDJJCthkcnyusTcAO7nGdKTE=\/fit-in\/900x500\/2021\/04\/27\/1619485323091.jpeg\"><img decoding=\"async\" src=\"https:\/\/images.sipse.com\/bVUzqmZWRTWqzlArbLi2Ve-Y4TQ=\/fit-in\/580x500\/2021\/04\/27\/1619485323091.jpeg\" alt=\"\"\/><\/a><\/figure>\n\n\n\n<figure class=\"wp-block-image\"><a href=\"https:\/\/images.sipse.com\/6kDPB18kxOsO5NQCZ1mRvi71jSs=\/fit-in\/900x500\/2021\/04\/27\/1619485324147.jpeg\"><img decoding=\"async\" src=\"https:\/\/images.sipse.com\/LNvXv_A9dl0dxlViKc3U3bq8O2A=\/fit-in\/580x500\/2021\/04\/27\/1619485324147.jpeg\" alt=\"\"\/><\/a><\/figure>\n\n\n\n<p style=\"text-align:left\"><strong>Fuente:<\/strong> SIPSE<\/p>\n","protected":false},"excerpt":{"rendered":"<p>La polic\u00eda de Canc\u00fan iniciar\u00e1 una serie de operativos luego de que se reportaron&nbsp;incendios provocados contra unidades del transporte p\u00fablico&nbsp;durante el fin de semana. La Secretar\u00eda Municipal de Seguridad P\u00fablica y Tr\u00e1nsito de Benito Ju\u00e1rez, inform\u00f3 que si bien ya iniciaron los operativos desde el s\u00e1bado pasado en el primer cuadro, \u00e9stos&nbsp;se ampliar\u00e1n a otras [&hellip;]<\/p>\n","protected":false},"author":2,"featured_media":90306,"comment_status":"open","ping_status":"open","sticky":false,"template":"","format":"standard","meta":{"footnotes":""},"categories":[59],"tags":[],"class_list":["post-90305","post","type-post","status-publish","format-standard","has-post-thumbnail","hentry","category-destacadas"],"_links":{"self":[{"href":"http:\/\/elcuartopoder.com.mx\/nw\/wp-json\/wp\/v2\/posts\/90305","targetHints":{"allow":["GET"]}}],"collection":[{"href":"http:\/\/elcuartopoder.com.mx\/nw\/wp-json\/wp\/v2\/posts"}],"about":[{"href":"http:\/\/elcuartopoder.com.mx\/nw\/wp-json\/wp\/v2\/types\/post"}],"author":[{"embeddable":true,"href":"http:\/\/elcuartopoder.com.mx\/nw\/wp-json\/wp\/v2\/users\/2"}],"replies":[{"embeddable":true,"href":"http:\/\/elcuartopoder.com.mx\/nw\/wp-json\/wp\/v2\/comments?post=90305"}],"version-history":[{"count":1,"href":"http:\/\/elcuartopoder.com.mx\/nw\/wp-json\/wp\/v2\/posts\/90305\/revisions"}],"predecessor-version":[{"id":90307,"href":"http:\/\/elcuartopoder.com.mx\/nw\/wp-json\/wp\/v2\/posts\/90305\/revisions\/90307"}],"wp:featuredmedia":[{"embeddable":true,"href":"http:\/\/elcuartopoder.com.mx\/nw\/wp-json\/wp\/v2\/media\/90306"}],"wp:attachment":[{"href":"http:\/\/elcuartopoder.com.mx\/nw\/wp-json\/wp\/v2\/media?parent=90305"}],"wp:term":[{"taxonomy":"category","embeddable":true,"href":"http:\/\/elcuartopoder.com.mx\/nw\/wp-json\/wp\/v2\/categories?post=90305"},{"taxonomy":"post_tag","embeddable":true,"href":"http:\/\/elcuartopoder.com.mx\/nw\/wp-json\/wp\/v2\/tags?post=90305"}],"curies":[{"name":"wp","href":"https:\/\/api.w.org\/{rel}","templated":true}]}}