{"id":90358,"date":"2021-04-30T11:02:29","date_gmt":"2021-04-30T16:02:29","guid":{"rendered":"http:\/\/elcuartopoder.com.mx\/nw\/?p=90358"},"modified":"2021-04-30T11:02:31","modified_gmt":"2021-04-30T16:02:31","slug":"una-avalancha-en-un-acto-religioso-masivo-causa-45-muertos-en-la-peor-catastrofe-civil-en-israel","status":"publish","type":"post","link":"http:\/\/elcuartopoder.com.mx\/nw\/internacionales\/una-avalancha-en-un-acto-religioso-masivo-causa-45-muertos-en-la-peor-catastrofe-civil-en-israel\/","title":{"rendered":"Una avalancha en un acto religioso masivo causa 45 muertos en la peor cat\u00e1strofe civil en Israel"},"content":{"rendered":"\n<p>La peor cat\u00e1strofe civil de su historia ha conmocionado\u00a0<a href=\"https:\/\/elpais.com\/noticias\/israel\/\">Is<\/a>r<a href=\"https:\/\/elpais.com\/noticias\/israel\/\">ael<\/a>\u00a0en la madrugada del viernes cuando estaba saliendo con \u00e9xito de la pandemia gracias a\u00a0la vacunaci\u00f3n masiva. Al menos 45 personas han muerto, entre ellas algunos menores de edad, y 150 han resultado heridas durante la celebraci\u00f3n del Lag Baomer, la festividad jud\u00eda del fuego, en el monte Meron (norte del pa\u00eds), al producirse una avalancha humana poco despu\u00e9s de la medianoche del jueves en un lugar en el que se hacinaban m\u00e1s de cien mil\u00a0ultraortodoxos jud\u00edos.<\/p>\n\n\n\n<p>La separaci\u00f3n entre las hogueras en torno a las que cantan y bailan los peregrinos durante la noche, forzada por las medidas de seguridad de la pandemia, origin\u00f3 cuellos de botella donde se pudo desencadenar la estampida. La mayor\u00eda de las v\u00edctimas perecieron asfixiadas en un paso de apenas tres metros de anchura que, seg\u00fan declaraciones de testigos, hab\u00eda sido cerrado por la polic\u00eda por razones de seguridad.<\/p>\n\n\n\n<p>Se trataba del acontecimiento m\u00e1s multitudinario que se desarrollaba en el pa\u00eds desde marzo del a\u00f1o pasado, cuando se declar\u00f3 la crisis sanitaria mundial, a pesar de las limitaciones de aforo de 10.000 asistentes que hab\u00edan impuesto las autoridades sanitarias. Un testigo citado por la prensa hebrea asegur\u00f3 que un primer grupo de asistentes resbal\u00f3 en las escaleras de una tribuna port\u00e1til, lo que pudo producir una avalancha en cadena en el recinto.<\/p>\n\n\n\n<p>\u201cAquello era el caos,\u00a0todo ocurri\u00f3 en un segundo. Parec\u00eda un peque\u00f1o incidente al principio\u201d, relat\u00f3 un asistente al acto al diario<em>\u00a0Haaretz<\/em>. Otro participante en la ceremonia dijo a la radio estatal que se hab\u00eda sentido \u201carrinconado\u201d junto con centenares de personas antes de poder escapar del aplastamiento. La polic\u00eda cerr\u00f3 el paso hacia una de las hogueras que estaban m\u00e1s abarrotadas de peregrinos, en el recinto asignado a la\u00a0secta jas\u00eddica\u00a0Toldot Aharon. \u201cEl bloqueo impidi\u00f3 la salida de la masa por una escalera (de la tribuna)\u201d, asegur\u00f3 otro testigo a France Presse, \u201cy el gent\u00edo se desbord\u00f3 hacia uno de los lados de las gradas. Muchos quedaron aplastados en el acto\u201d.<\/p>\n\n\n\n<p>El servicio m\u00e9dico de la Estrella de David Roja, equivalente a la Cruz Roja, inform\u00f3 de que los cuerpos de los peregrinos se amontonaban tras la estampida. Al menos 150 personas han sido hospitalizadas \u2013una veintena en estado grave o muy grave\u2013 tras la avalancha humana. Las ambulancias apenas pod\u00edan llegar al lugar del accidente para evacuar a los heridos en medio de la aglomeraci\u00f3n, lo que dificult\u00f3 las tareas de auxilio.<\/p>\n\n\n\n<p>Muchos de los lesionados tuvieron que ser traslados en helic\u00f3pteros militares a distintos hospitales del pa\u00eds. El Ej\u00e9rcito despleg\u00f3 centenares de soldados y unidades m\u00e9dicas en las tareas de rescate despu\u00e9s de que los contingentes policial y sanitario civil se vieran desbordados. Socorristas, agentes y militares declararon a los medios locales que se hab\u00edan sentido horrorizados ante la magnitud de la cat\u00e1strofe. Algunos desfallecieron.<\/p>\n\n\n\n<p>\u201cMe encontraba atrapado en el segundo nivel de una pir\u00e1mide humana\u201d, relat\u00f3 un superviviente citado por Reuters, \u201cy tuve que presenciar la muerte de quienes estaban debajo de m\u00ed\u201d. En la celebraci\u00f3n de 2019, anterior a la pandemia, se llegaron a concentrar en el monte Meron hasta 250.000 ultraortodoxos.<\/p>\n\n\n\n<p>El jefe policial del distrito norte de Israel, Simon Levy, asumi\u00f3 la responsabilidad sobre la cat\u00e1strofe. \u201cEst\u00e1bamos preparados para cualquier situaci\u00f3n y hab\u00edamos inspeccionado la zona en los d\u00edas anteriores\u201d, asegur\u00f3 en declaraciones citadas por&nbsp;<em>Haaretz,&nbsp;<\/em>\u201cpero lo ocurrido en la tribuna estaba fuera de nuestro control\u201d.<\/p>\n\n\n\n<p>El fiscal general de Israel, Avichai Mandelblit, ha ordenado una investigaci\u00f3n independiente por parte de un equipo especial de la polic\u00eda judicial. Las tareas de identificaci\u00f3n de los cad\u00e1veres est\u00e1n resultando penosas para los familiares. Las autoridades est\u00e1n enviando mensajes a trav\u00e9s de los medios de comunicaci\u00f3n y las redes sociales para tratar de localizar a los allegados.<\/p>\n\n\n\n<p>La ceremonia del monte Meron, en la regi\u00f3n de Alta Galilea pr\u00f3xima a la frontera con L\u00edbano, tiene su foco en tumba del reverenciado rabino Simon Bar Yochai, un m\u00edstico del siglo II, y se desarrolla durante toda la noche y la madrugada del Lag Baomer en medio de fogatas conmemorativas. En su pr\u00e1ctica totalidad los asistentes son hombres. Las mujeres deben acudir a zonas segregadas, seg\u00fan la ley religiosa jud\u00eda.<\/p>\n\n\n\n<p>Desde los tr\u00e1gicos\u00a0incendios forestales de 2010, que causaron 44 muertos, Israel no hab\u00eda vivido una cat\u00e1strofe civil de semejante dimensi\u00f3n. En la plaza de Rabin de Tel Aviv, frente a la sede del Ayuntamiento, y en otras ciudades israel\u00edes se han desplegado unidades m\u00f3viles de donaci\u00f3n de sangre.<\/p>\n\n\n\n<p>El primer ministro israel\u00ed,\u00a0Benjam\u00edn Netanyahu, ha visitado la zona del accidente en la ma\u00f1ana del viernes. \u201cEste es uno de los peores desastres que han afectado al Estado de Israel\u201d, afirm\u00f3 a su llegada al monte Meron. \u201cVamos a iniciar una rigurosa investigaci\u00f3n en profundidad para que hechos as\u00ed no se vuelvan a repetir\u201d. Antes hab\u00eda lamentado a trav\u00e9s de Twitter la \u201cgran tragedia\u201d ocurrida durante la peregrinaci\u00f3n religiosa. \u201cRezamos para que se recuperen pronto los heridos\u201d, escribi\u00f3 en la red social el jefe del Gobierno en funciones, quien ha declarado este domingo como d\u00eda de luto nacional.<\/p>\n\n\n\n<div class=\"wp-block-image\"><figure class=\"alignright\"><img decoding=\"async\" src=\"https:\/\/imagenes.elpais.com\/resizer\/crbDHt5e1ChgTf-lOBBOFO6lGQY=\/414x0\/filters:focal(1517x414:1527x424)\/cloudfront-eu-central-1.images.arcpublishing.com\/prisa\/VXRT7FAT6M32BUD6EHOKS4PCJU.jpg\" alt=\"El primer ministro israel\u00ed, Benjam\u00edn Netanyahu, este viernes en la zona de la cat\u00e1strofe, en el monte Mer\u00f3n.\"\/><figcaption>El primer ministro israel\u00ed, Benjam\u00edn Netanyahu, este viernes en la zona de la cat\u00e1strofe, en el monte Mer\u00f3n.DPA V\u00cdA EUROPA PRESS \/ EUROPA PRESS<\/figcaption><\/figure><\/div>\n\n\n\n<p>Despu\u00e9s de haber vacunado completamente a m\u00e1s de la mitad de su poblaci\u00f3n, Israel ha regresado a una normalidad parecida a la que viv\u00eda antes de la pandemia. El Gobierno ha autorizado actos masivos culturales, deportivos y religiosos en los que pueden participar quienes cuenten con certificado de vacunaci\u00f3n.<\/p>\n\n\n\n<p>La\u00a0comunidad ultrarreligiosa jud\u00eda\u00a0representa en Israel un 12% de sus 9,3 millones de habitantes, aunque su pujanza demogr\u00e1fica, con familias muy numerosas, hace prever que alcanzar\u00e1 m\u00e1s de un 20% en 2030. El modelo de coexistencia entre la mayor\u00eda jud\u00eda laica y religiosa moderada y la minor\u00eda ultraortodoxa se ha resquebrajado durante\u00a0la pandemia de la covid-19. Los jared\u00edes o \u201ctemerosos de Dios\u201d han acumulado m\u00e1s de una tercera parte de los contagios, mientras la tasa de infecciones se disparaba tras su empe\u00f1o en participar en actos religiosos masivos, sin guardar distancia de seguridad ni observar medidas de protecci\u00f3n.<\/p>\n\n\n\n<p><strong>Fuente: <\/strong>elpa\u00eds<\/p>\n","protected":false},"excerpt":{"rendered":"<p>La peor cat\u00e1strofe civil de su historia ha conmocionado\u00a0Israel\u00a0en la madrugada del viernes cuando estaba saliendo con \u00e9xito de la pandemia gracias a\u00a0la vacunaci\u00f3n masiva. Al menos 45 personas han muerto, entre ellas algunos menores de edad, y 150 han resultado heridas durante la celebraci\u00f3n del Lag Baomer, la festividad jud\u00eda del fuego, en el [&hellip;]<\/p>\n","protected":false},"author":2,"featured_media":90359,"comment_status":"open","ping_status":"open","sticky":false,"template":"","format":"standard","meta":{"footnotes":""},"categories":[8],"tags":[],"class_list":["post-90358","post","type-post","status-publish","format-standard","has-post-thumbnail","hentry","category-internacionales"],"_links":{"self":[{"href":"http:\/\/elcuartopoder.com.mx\/nw\/wp-json\/wp\/v2\/posts\/90358","targetHints":{"allow":["GET"]}}],"collection":[{"href":"http:\/\/elcuartopoder.com.mx\/nw\/wp-json\/wp\/v2\/posts"}],"about":[{"href":"http:\/\/elcuartopoder.com.mx\/nw\/wp-json\/wp\/v2\/types\/post"}],"author":[{"embeddable":true,"href":"http:\/\/elcuartopoder.com.mx\/nw\/wp-json\/wp\/v2\/users\/2"}],"replies":[{"embeddable":true,"href":"http:\/\/elcuartopoder.com.mx\/nw\/wp-json\/wp\/v2\/comments?post=90358"}],"version-history":[{"count":1,"href":"http:\/\/elcuartopoder.com.mx\/nw\/wp-json\/wp\/v2\/posts\/90358\/revisions"}],"predecessor-version":[{"id":90360,"href":"http:\/\/elcuartopoder.com.mx\/nw\/wp-json\/wp\/v2\/posts\/90358\/revisions\/90360"}],"wp:featuredmedia":[{"embeddable":true,"href":"http:\/\/elcuartopoder.com.mx\/nw\/wp-json\/wp\/v2\/media\/90359"}],"wp:attachment":[{"href":"http:\/\/elcuartopoder.com.mx\/nw\/wp-json\/wp\/v2\/media?parent=90358"}],"wp:term":[{"taxonomy":"category","embeddable":true,"href":"http:\/\/elcuartopoder.com.mx\/nw\/wp-json\/wp\/v2\/categories?post=90358"},{"taxonomy":"post_tag","embeddable":true,"href":"http:\/\/elcuartopoder.com.mx\/nw\/wp-json\/wp\/v2\/tags?post=90358"}],"curies":[{"name":"wp","href":"https:\/\/api.w.org\/{rel}","templated":true}]}}