{"id":90632,"date":"2021-05-09T09:48:12","date_gmt":"2021-05-09T14:48:12","guid":{"rendered":"http:\/\/elcuartopoder.com.mx\/nw\/?p=90632"},"modified":"2021-05-09T09:48:13","modified_gmt":"2021-05-09T14:48:13","slug":"mexico-se-pinta-de-verde-amarela-15-estados-estaran-en-amarillo-y-14-en-verde","status":"publish","type":"post","link":"http:\/\/elcuartopoder.com.mx\/nw\/nacionales\/mexico-se-pinta-de-verde-amarela-15-estados-estaran-en-amarillo-y-14-en-verde\/","title":{"rendered":"M\u00e9xico se pinta de verde-amarela: 15 estados estar\u00e1n en amarillo y 14 en verde"},"content":{"rendered":"\n<p>La Secretar\u00eda de Salud anunci\u00f3 este viernes que en el sem\u00e1foro epidemiol\u00f3gico por COVID-19 15 estados estar\u00e1n en amarillo y 14 en verde.<\/p>\n\n\n\n<p>En conferencia de prensa, Ricardo Cort\u00e9s Alcal\u00e1, titular de la Direcci\u00f3n General de Promoci\u00f3n de la Salud, dijo adem\u00e1s que hay cero estados en rojo y tres en naranja.<\/p>\n\n\n\n<h2 class=\"wp-block-heading\">As\u00ed estar\u00e1 tu estado del 10 al 23 de mayo:<\/h2>\n\n\n\n<p><strong>Verde<\/strong>: Sonora, Coahuila, Nuevo Le\u00f3n, Sinaloa, Durango, San Luis Potos\u00ed, Veracruz, Nayarit, Jalisco, Guanajuato, Tlaxcala, Oaxaca, Chiapas y Campeche.<\/p>\n\n\n\n<p><strong>Amarillo<\/strong>: Baja California, Baja California Sur, Tamaulipas, Zacatecas, Aguascalientes, Colima, Michoac\u00e1n, Guerrero, Hidalgo, Quer\u00e9taro, Puebla, Ciudad de M\u00e9xico, Estado de M\u00e9xico, Morelos y Yucat\u00e1n.<\/p>\n\n\n\n<p><strong>Naranja<\/strong>: Chihuahua, Tabasco y Quintana Roo<\/p>\n\n\n\n<p>Cero en&nbsp;<strong>rojo<\/strong>.<\/p>\n\n\n\n<p>La Secretar\u00eda de Salud indic\u00f3 que hasta el momento 2 millones 548 mil 676 mexicanos se han contagiado de COVID-19 y que 21 mil 706 personas tienen el virus activo.<\/p>\n\n\n\n<p>Adem\u00e1s, Salud registr\u00f3 484 nuevas muertes por COVID-19 este viernes con lo que el total lleg\u00f3 a 218 mil 657.<\/p>\n\n\n\n<p>En el mundo van m\u00e1s de 156 millones 465 mil casos confirmados de la enfermedad y alrededor de 3 millones 264 mil muertes, seg\u00fan la Universidad Johns Hopkins.<\/p>\n\n\n\n<p><strong>Fuente:<\/strong>&nbsp;elfinanciero<br><\/p>\n","protected":false},"excerpt":{"rendered":"<p>La Secretar\u00eda de Salud anunci\u00f3 este viernes que en el sem\u00e1foro epidemiol\u00f3gico por COVID-19 15 estados estar\u00e1n en amarillo y 14 en verde. En conferencia de prensa, Ricardo Cort\u00e9s Alcal\u00e1, titular de la Direcci\u00f3n General de Promoci\u00f3n de la Salud, dijo adem\u00e1s que hay cero estados en rojo y tres en naranja. As\u00ed estar\u00e1 tu [&hellip;]<\/p>\n","protected":false},"author":2,"featured_media":90633,"comment_status":"open","ping_status":"open","sticky":false,"template":"","format":"standard","meta":{"footnotes":""},"categories":[55],"tags":[],"class_list":["post-90632","post","type-post","status-publish","format-standard","has-post-thumbnail","hentry","category-nacionales"],"_links":{"self":[{"href":"http:\/\/elcuartopoder.com.mx\/nw\/wp-json\/wp\/v2\/posts\/90632","targetHints":{"allow":["GET"]}}],"collection":[{"href":"http:\/\/elcuartopoder.com.mx\/nw\/wp-json\/wp\/v2\/posts"}],"about":[{"href":"http:\/\/elcuartopoder.com.mx\/nw\/wp-json\/wp\/v2\/types\/post"}],"author":[{"embeddable":true,"href":"http:\/\/elcuartopoder.com.mx\/nw\/wp-json\/wp\/v2\/users\/2"}],"replies":[{"embeddable":true,"href":"http:\/\/elcuartopoder.com.mx\/nw\/wp-json\/wp\/v2\/comments?post=90632"}],"version-history":[{"count":1,"href":"http:\/\/elcuartopoder.com.mx\/nw\/wp-json\/wp\/v2\/posts\/90632\/revisions"}],"predecessor-version":[{"id":90634,"href":"http:\/\/elcuartopoder.com.mx\/nw\/wp-json\/wp\/v2\/posts\/90632\/revisions\/90634"}],"wp:featuredmedia":[{"embeddable":true,"href":"http:\/\/elcuartopoder.com.mx\/nw\/wp-json\/wp\/v2\/media\/90633"}],"wp:attachment":[{"href":"http:\/\/elcuartopoder.com.mx\/nw\/wp-json\/wp\/v2\/media?parent=90632"}],"wp:term":[{"taxonomy":"category","embeddable":true,"href":"http:\/\/elcuartopoder.com.mx\/nw\/wp-json\/wp\/v2\/categories?post=90632"},{"taxonomy":"post_tag","embeddable":true,"href":"http:\/\/elcuartopoder.com.mx\/nw\/wp-json\/wp\/v2\/tags?post=90632"}],"curies":[{"name":"wp","href":"https:\/\/api.w.org\/{rel}","templated":true}]}}