{"id":90639,"date":"2021-05-10T09:02:20","date_gmt":"2021-05-10T14:02:20","guid":{"rendered":"http:\/\/elcuartopoder.com.mx\/nw\/?p=90639"},"modified":"2021-05-10T09:02:22","modified_gmt":"2021-05-10T14:02:22","slug":"como-hace-35-anos-munoz-ledo-ifigenia-y-cardenas-se-reunen-para-hablar-de-politica-y-del-pais","status":"publish","type":"post","link":"http:\/\/elcuartopoder.com.mx\/nw\/politica\/como-hace-35-anos-munoz-ledo-ifigenia-y-cardenas-se-reunen-para-hablar-de-politica-y-del-pais\/","title":{"rendered":"Como hace 35 a\u00f1os, Mu\u00f1oz Ledo, Ifigenia y C\u00e1rdenas se re\u00fanen para hablar de pol\u00edtica y del pa\u00eds"},"content":{"rendered":"\n<p>El legislador&nbsp;<strong>Porfirio Mu\u00f1oz Ledo<\/strong>&nbsp;se reencontr\u00f3 con la Senadora de Morena<strong>&nbsp;Ifigenia Mart\u00ednez<\/strong>&nbsp;y&nbsp;<strong>Cuauht\u00e9moc C\u00e1rdenas<\/strong>, con quienes fund\u00f3 el Partido de la Revoluci\u00f3n Democr\u00e1tica (<strong>PRD<\/strong>).<\/p>\n\n\n\n<p>El morenista Mu\u00f1oz Ledo inform\u00f3 esta tarde sobre el encuentro, dijo que conversaron sobre los problemas pol\u00edticos y econ\u00f3micos que enfrenta M\u00e9xico.<\/p>\n\n\n\n<blockquote class=\"wp-block-quote is-layout-flow wp-block-quote-is-layout-flow\"><p>\u201cHoy como hace 35 a\u00f1os nos reunimos los tres grandes luchadores de la democracia contempor\u00e1nea, la Senadora @IfigeniaMtz, el Ing @c_cardenas_s y yo. Analizamos detenidamente los problemas pol\u00edticos y econ\u00f3micos por los que atraviesa nuestro querido pa\u00eds\u201d, escribi\u00f3 en su cuenta de Twitter.<\/p><\/blockquote>\n\n\n\n<figure class=\"wp-block-embed-twitter wp-block-embed is-type-rich is-provider-twitter\"><div class=\"wp-block-embed__wrapper\">\n<blockquote class=\"twitter-tweet\" data-width=\"550\" data-dnt=\"true\"><p lang=\"es\" dir=\"ltr\">Hoy como hace 35 a\u00f1os nos reunimos los tres grandes luchadores de la democracia contempor\u00e1nea, la Senadora <a href=\"https:\/\/twitter.com\/IfigeniaMtz?ref_src=twsrc%5Etfw\">@IfigeniaMtz<\/a>, el Ing. <a href=\"https:\/\/twitter.com\/c_cardenas_s?ref_src=twsrc%5Etfw\">@c_cardenas_s<\/a> y yo. Analizamos detenidamente los problemas pol\u00edticos y econ\u00f3micos por los que atraviesa nuestro querido pa\u00eds. <a href=\"https:\/\/t.co\/VCWZKyt59k\">pic.twitter.com\/VCWZKyt59k<\/a><\/p>&mdash; Porfirio Mu\u00f1oz Ledo (@PMunozLedo) <a href=\"https:\/\/twitter.com\/PMunozLedo\/status\/1391221177134338050?ref_src=twsrc%5Etfw\">May 9, 2021<\/a><\/blockquote><script async src=\"https:\/\/platform.twitter.com\/widgets.js\" charset=\"utf-8\"><\/script>\n<\/div><\/figure>\n\n\n\n<p>El encuentro tuvo lugar a una semana de que Mu\u00f1oz Ledo anunci\u00f3 que, junto a acad\u00e9micos, juristas, jueces, periodistas, intelectuales y ciudadanos, constituir\u00e1 un Frente Amplio en Defensa de la Constituci\u00f3n para defender la Suprema Corte de Justicia de la Naci\u00f3n (SCJN) y los \u00f3rganos aut\u00f3nomos. <\/p>\n\n\n\n<p>\u201cSe trata de que defendamos la Constituci\u00f3n, reflexionando y haciendo propuestas. De defender la autonom\u00eda de las instituciones como elel INE, Inegi, INAI y todos los \u00f3rganos aut\u00f3nomos constitucionales, producto de un avance democr\u00e1tico en el pa\u00eds que impulsamos muchos sectores\u201d, indic\u00f3 en entrevista con el diario Reforma el 29 de abril.<\/p>\n\n\n\n<p>El 6 de mayo, Cuauht\u00e9moc C\u00e1rdenas descart\u00f3 participar en el frente porque no conoce los objetivos ni los fines del mismo.<\/p>\n\n\n\n<blockquote class=\"wp-block-quote is-layout-flow wp-block-quote-is-layout-flow\"><p>\u201cRespecto a este llamado que se est\u00e1 haciendo para constituir un Frente, desde un principio dije que yo no estaba por ir en este momento en ning\u00fan Frente; entre otras razones, porque no conozco qu\u00e9 se est\u00e1 proponiendo, no conozco si se est\u00e1 en favor o no de los organismos aut\u00f3nomos\u201d, dijo en una conferencia de prensa de la organizaci\u00f3n Nosotrxs.<\/p><\/blockquote>\n\n\n\n<p>Porfirio Mu\u00f1oz Ledo, Ifigenia Mart\u00ednez y Cuauht\u00e9moc C\u00e1rdenas han caminado juntos desde la d\u00e9cada de los 80 cuando abandonaron el Partido Revolucionario Institucional (PRI) para formar un movimiento que cimbr\u00f3 a la sociedad mexicana y que en 1988 mostr\u00f3 que el partido tricolor no era invencible.<\/p>\n\n\n\n<figure class=\"wp-block-image\"><img decoding=\"async\" src=\"https:\/\/i0.wp.com\/sinembargo.mx\/wp-content\/uploads\/2021\/05\/photo4952009709771139395.jpg\" alt=\"\" class=\"wp-image-3973421\"\/><\/figure>\n\n\n\n<p>Porfirio Mu\u00f1oz Ledo, Ifigenia Mart\u00ednez y Hern\u00e1ndez y Cuauht\u00e9moc C\u00e1rdenas Sol\u00f3rzano en una imagen del 14 de diciembre de 2018, cuando recibieron el Doctorado Honoris Causa por la Universidad de Guadalajara. Foto: Fernando Carranza, Cuartoscuro.<\/p>\n\n\n\n<p>Los tres reconocidos luchadores sociales y pol\u00edticos reclamaron el triunfo por el fraude de 1988 en el que fue electo Carlos Salinas de Gortari y, como consecuencia del cisma pol\u00edtico que gener\u00f3 su movimiento, en 1989 fundaron el Partido de la Revoluci\u00f3n Democr\u00e1tica (PRD).<\/p>\n\n\n\n<p><strong>Fuente: <\/strong>sinembargo<\/p>\n","protected":false},"excerpt":{"rendered":"<p>El legislador&nbsp;Porfirio Mu\u00f1oz Ledo&nbsp;se reencontr\u00f3 con la Senadora de Morena&nbsp;Ifigenia Mart\u00ednez&nbsp;y&nbsp;Cuauht\u00e9moc C\u00e1rdenas, con quienes fund\u00f3 el Partido de la Revoluci\u00f3n Democr\u00e1tica (PRD). El morenista Mu\u00f1oz Ledo inform\u00f3 esta tarde sobre el encuentro, dijo que conversaron sobre los problemas pol\u00edticos y econ\u00f3micos que enfrenta M\u00e9xico. \u201cHoy como hace 35 a\u00f1os nos reunimos los tres grandes luchadores [&hellip;]<\/p>\n","protected":false},"author":2,"featured_media":90640,"comment_status":"open","ping_status":"open","sticky":false,"template":"","format":"standard","meta":{"footnotes":""},"categories":[61],"tags":[],"class_list":["post-90639","post","type-post","status-publish","format-standard","has-post-thumbnail","hentry","category-politica"],"_links":{"self":[{"href":"http:\/\/elcuartopoder.com.mx\/nw\/wp-json\/wp\/v2\/posts\/90639","targetHints":{"allow":["GET"]}}],"collection":[{"href":"http:\/\/elcuartopoder.com.mx\/nw\/wp-json\/wp\/v2\/posts"}],"about":[{"href":"http:\/\/elcuartopoder.com.mx\/nw\/wp-json\/wp\/v2\/types\/post"}],"author":[{"embeddable":true,"href":"http:\/\/elcuartopoder.com.mx\/nw\/wp-json\/wp\/v2\/users\/2"}],"replies":[{"embeddable":true,"href":"http:\/\/elcuartopoder.com.mx\/nw\/wp-json\/wp\/v2\/comments?post=90639"}],"version-history":[{"count":1,"href":"http:\/\/elcuartopoder.com.mx\/nw\/wp-json\/wp\/v2\/posts\/90639\/revisions"}],"predecessor-version":[{"id":90641,"href":"http:\/\/elcuartopoder.com.mx\/nw\/wp-json\/wp\/v2\/posts\/90639\/revisions\/90641"}],"wp:featuredmedia":[{"embeddable":true,"href":"http:\/\/elcuartopoder.com.mx\/nw\/wp-json\/wp\/v2\/media\/90640"}],"wp:attachment":[{"href":"http:\/\/elcuartopoder.com.mx\/nw\/wp-json\/wp\/v2\/media?parent=90639"}],"wp:term":[{"taxonomy":"category","embeddable":true,"href":"http:\/\/elcuartopoder.com.mx\/nw\/wp-json\/wp\/v2\/categories?post=90639"},{"taxonomy":"post_tag","embeddable":true,"href":"http:\/\/elcuartopoder.com.mx\/nw\/wp-json\/wp\/v2\/tags?post=90639"}],"curies":[{"name":"wp","href":"https:\/\/api.w.org\/{rel}","templated":true}]}}