{"id":90799,"date":"2021-05-14T08:46:09","date_gmt":"2021-05-14T13:46:09","guid":{"rendered":"http:\/\/elcuartopoder.com.mx\/nw\/?p=90799"},"modified":"2021-05-14T08:46:11","modified_gmt":"2021-05-14T13:46:11","slug":"unen-aht-y-iapqroo-esfuerzos-para-promover-propuestas-del-observatorio-electoral","status":"publish","type":"post","link":"http:\/\/elcuartopoder.com.mx\/nw\/destacadas\/unen-aht-y-iapqroo-esfuerzos-para-promover-propuestas-del-observatorio-electoral\/","title":{"rendered":"Unen AHT y IAPQROO esfuerzos para promover propuestas del Observatorio Electoral"},"content":{"rendered":"\n<p class=\"wp-block-paragraph\"><strong>TULUM, MX.-<\/strong>&nbsp;Con el objetivo de promover mecanismos de vigilancia y participaci\u00f3n ciudadana en los procesos electorales locales del 2021 y 2022 con el objetivo de que las campa\u00f1as pol\u00edticas, cumplan con la meta de salvaguardar la democracia y promover la participaci\u00f3n activa de la ciudadan\u00eda fue creado el Observatorio Electoral \u201cT\u00e1an in Wilikech\u201d (Te estoy viendo).<\/p>\n\n\n\n<div class=\"wp-block-image\"><figure class=\"aligncenter\"><img decoding=\"async\" src=\"https:\/\/noticaribe.com.mx\/wp\/wp-content\/uploads\/2021\/05\/WhatsApp-Image-2021-05-12-at-1.59.17-PM-3.jpeg\" alt=\"\" class=\"wp-image-476570\"\/><\/figure><\/div>\n\n\n\n<p class=\"wp-block-paragraph\">Fue a iniciativa del Comit\u00e9 de Participaci\u00f3n Ciudadana en Quintana Roo (CPC), Transparencia Mexicana, el Instituto Electoral del estado (IEQROO) y el Instituto de Acceso a la Informaci\u00f3n y Protecci\u00f3n de Datos Personales (IDAIPQROO).<\/p>\n\n\n\n<div class=\"wp-block-image\"><figure class=\"aligncenter\"><img decoding=\"async\" src=\"https:\/\/noticaribe.com.mx\/wp\/wp-content\/uploads\/2021\/05\/WhatsApp-Image-2021-05-12-at-1.59.17-PM.jpeg\" alt=\"\" class=\"wp-image-476573\"\/><\/figure><\/div>\n\n\n\n<p class=\"wp-block-paragraph\">Los organizadores explicaron hoy de lo que se trata el Observatorio Electoral \u201cT\u00e1an In Wilikech\u201d, que busca que quienes aspiran a contender por uno de los 143 cargos de elecci\u00f3n popular en juego -11 presidencias municipales, 11 sindicaturas, 117 regidur\u00edas y cuatro diputaciones- hagan p\u00fablicas sus declaraciones patrimoniales, de intereses y fiscal, lo que se conoce como 3 de 3.<\/p>\n\n\n\n<p class=\"wp-block-paragraph\">Al dar la bienvenida, Le\u00f3n Liz\u00e1rraga Cubedo explic\u00f3 que tanto la Asociaci\u00f3n de Hoteles de Tulum (AHT) que preside David Ortiz Mena, como el Instituto de Administraci\u00f3n P\u00fablica de Quintana Roo (IAPQROO) que \u00e9l preside, explic\u00f3 que se suman a este Observatorio en el marco de la construcci\u00f3n de la Agenda Ciudadana para el Desarrollo Sustentable de Tulum.<\/p>\n\n\n\n<div class=\"wp-block-image\"><figure class=\"aligncenter\"><img decoding=\"async\" src=\"https:\/\/noticaribe.com.mx\/wp\/wp-content\/uploads\/2021\/05\/WhatsApp-Image-2021-05-12-at-1.59.17-PM-4.jpeg\" alt=\"\" class=\"wp-image-476569\"\/><\/figure><\/div>\n\n\n\n<p class=\"wp-block-paragraph\">Ra\u00fal Cazares como representante del CPC revel\u00f3 que es importante que las y los candidatos sean transparentes en sus gastos, pero tambi\u00e9n en su declaraci\u00f3n 3 de 3, para que la poblaci\u00f3n pueda conocer el patrimonio que poseen, que no tengan miedo en participar.<\/p>\n\n\n\n<p class=\"wp-block-paragraph\">Otro espacio que buscan como Observatorio es promover la pol\u00edtica estatal de producci\u00f3n a trav\u00e9s de nueve compromisos, que es la soluci\u00f3n a los problemas que se diagnosticaron, para ayudar a los municipios. Un tema m\u00e1s es la violencia de g\u00e9nero, donde las y los candidatos deben firmar un compromiso para evitar este tipo de violencia.<\/p>\n\n\n\n<div class=\"wp-block-image\"><figure class=\"aligncenter\"><img decoding=\"async\" src=\"https:\/\/noticaribe.com.mx\/wp\/wp-content\/uploads\/2021\/05\/WhatsApp-Image-2021-05-12-at-1.59.18-PM.jpeg\" alt=\"\" class=\"wp-image-476568\"\/><\/figure><\/div>\n\n\n\n<p class=\"wp-block-paragraph\">La iniciativa 3 de 3 sobre violencia de g\u00e9nero es un nuevo requerimiento en M\u00e9xico, que surge de organizaciones feministas en 2019, que solicitaron al Instituto Nacional Electoral (INE), su inclusi\u00f3n como requisito a cumplir por parte de las y los candidatos.<\/p>\n\n\n\n<p class=\"wp-block-paragraph\">Toda la informaci\u00f3n ser\u00e1 subida a un micrositio para \u201cvisibilizar d\u00f3nde estamos parados\u201d, dijo Ra\u00fal Cazares, quien expuso que el crear un Observatorio de este tipo nace de la necesidad de impulsar la participaci\u00f3n ciudadana y conocer en qu\u00e9 y c\u00f3mo se gastan los recursos p\u00fablicos los partidos pol\u00edticos.<\/p>\n\n\n\n<div class=\"wp-block-image\"><figure class=\"aligncenter\"><img decoding=\"async\" src=\"https:\/\/noticaribe.com.mx\/wp\/wp-content\/uploads\/2021\/05\/WhatsApp-Image-2021-05-12-at-1.59.18-PM-1.jpeg\" alt=\"\" class=\"wp-image-476567\"\/><\/figure><\/div>\n\n\n\n<p class=\"wp-block-paragraph\">Abund\u00f3 que en los primeros 100 d\u00edas construir o actualizar el Reglamento de Participaci\u00f3n Ciudadana, armonizado a la Ley estatal en la materia; involucrar al CPC en los procesos de elaboraci\u00f3n de programas p\u00fablicos de alto impacto, como lo son el Programa de Desarrollo Urbano o el Ordenamiento Ecol\u00f3gico Local (PDU y POEL) y reformar el Reglamento municipal para la creaci\u00f3n de la Comisi\u00f3n Anticorrupci\u00f3n, Participaci\u00f3n Ciudadana y Transparencia en el Cabildo.<\/p>\n\n\n\n<div class=\"wp-block-image\"><figure class=\"aligncenter\"><img decoding=\"async\" src=\"https:\/\/noticaribe.com.mx\/wp\/wp-content\/uploads\/2021\/05\/WhatsApp-Image-2021-05-12-at-1.59.17-PM-1.jpeg\" alt=\"\" class=\"wp-image-476572\"\/><\/figure><\/div>\n\n\n\n<h1 class=\"wp-block-heading\"><strong>FIRMA DE COMPROMISOS ANTICORRUPCI\u00d3N<\/strong><\/h1>\n\n\n\n<p class=\"wp-block-paragraph\">De los seis candidatos invitados, solo asistieron cuatro: Elizabeth Socorro Mart\u00ednez Bardales de Redes Sociales Progresistas (RSP); Emilia Patricia de la Torre de Movimiento Ciudadano (MC), Mar\u00eda \u00c1ngela Dzul May de Fuerza por M\u00e9xico (FXM) y V\u00edctor Mas Tah de la coalici\u00f3n PAN-PRI-PRD-CPQ, quienes tuvieron su participaci\u00f3n para explicar cada una su proyecto de gobierno y lo que har\u00e1n al llegar a la Presidencia Municipal en caso de que el voto le favorezca.<\/p>\n\n\n\n<p class=\"wp-block-paragraph\">La firma de los compromisos anticorrupci\u00f3n la hicieron los cuatro candidatos que asistieron al evento, teniendo como testigos al presidente de la AHT, David Ortiz Mena; del Iapqroo, Le\u00f3n Liz\u00e1rraga Cubedo, medios de comunicaci\u00f3n y ciudadan\u00eda en general.<\/p>\n\n\n\n<div class=\"wp-block-image\"><figure class=\"aligncenter\"><img decoding=\"async\" src=\"https:\/\/noticaribe.com.mx\/wp\/wp-content\/uploads\/2021\/05\/WhatsApp-Image-2021-05-12-at-1.59.17-PM-2.jpeg\" alt=\"\" class=\"wp-image-476571\"\/><\/figure><\/div>\n\n\n\n<p class=\"wp-block-paragraph\"><br>David Ortiz Mena agradeci\u00f3 la participaci\u00f3n de las y el candidato presentes para la firma del acuerdo; al mismo tiempo dijo que ahora est\u00e1n m\u00e1s participativos en las pol\u00edticas p\u00fablicas, a tal grado que desarrollan una Agenda Ciudadana para el Desarrollo Sustentable de Tulum que pondr\u00e1n a la orden de quien salga electa o electo el pr\u00f3ximo 6 de junio.<\/p>\n\n\n\n<div class=\"wp-block-image\"><figure class=\"aligncenter\"><img decoding=\"async\" src=\"https:\/\/noticaribe.com.mx\/wp\/wp-content\/uploads\/2021\/05\/WhatsApp-Image-2021-05-12-at-1.59.18-PM-3.jpeg\" alt=\"\" class=\"wp-image-476565\"\/><\/figure><\/div>\n\n\n\n<p class=\"wp-block-paragraph\">\u201cEl exigirle a las y los candidatos a la presidencia municipal de Tulum para instaurar un sistema que ayude al combate a la corrupci\u00f3n, es algo natural; pero tambi\u00e9n que participemos y colaboremos con las autoridades para defender lo que es de todos; si solo nos centramos en los reclamos y sin participar, dif\u00edcilmente podamos alcanzar ese fortalecimiento institucional que tanto requerimos\u201d, destac\u00f3.<\/p>\n\n\n\n<p class=\"wp-block-paragraph\"><strong>Fuente:<\/strong> Noticaribe<\/p>\n","protected":false},"excerpt":{"rendered":"<p>TULUM, MX.-&nbsp;Con el objetivo de promover mecanismos de vigilancia y participaci\u00f3n ciudadana en los procesos electorales locales del 2021 y 2022 con el objetivo de que las campa\u00f1as pol\u00edticas, cumplan con la meta de salvaguardar la democracia y promover la participaci\u00f3n activa de la ciudadan\u00eda fue creado el Observatorio Electoral \u201cT\u00e1an in Wilikech\u201d (Te estoy [&hellip;]<\/p>\n","protected":false},"author":2,"featured_media":90800,"comment_status":"open","ping_status":"open","sticky":false,"template":"","format":"standard","meta":{"footnotes":""},"categories":[59],"tags":[],"class_list":["post-90799","post","type-post","status-publish","format-standard","has-post-thumbnail","hentry","category-destacadas"],"_links":{"self":[{"href":"http:\/\/elcuartopoder.com.mx\/nw\/wp-json\/wp\/v2\/posts\/90799","targetHints":{"allow":["GET"]}}],"collection":[{"href":"http:\/\/elcuartopoder.com.mx\/nw\/wp-json\/wp\/v2\/posts"}],"about":[{"href":"http:\/\/elcuartopoder.com.mx\/nw\/wp-json\/wp\/v2\/types\/post"}],"author":[{"embeddable":true,"href":"http:\/\/elcuartopoder.com.mx\/nw\/wp-json\/wp\/v2\/users\/2"}],"replies":[{"embeddable":true,"href":"http:\/\/elcuartopoder.com.mx\/nw\/wp-json\/wp\/v2\/comments?post=90799"}],"version-history":[{"count":1,"href":"http:\/\/elcuartopoder.com.mx\/nw\/wp-json\/wp\/v2\/posts\/90799\/revisions"}],"predecessor-version":[{"id":90801,"href":"http:\/\/elcuartopoder.com.mx\/nw\/wp-json\/wp\/v2\/posts\/90799\/revisions\/90801"}],"wp:featuredmedia":[{"embeddable":true,"href":"http:\/\/elcuartopoder.com.mx\/nw\/wp-json\/wp\/v2\/media\/90800"}],"wp:attachment":[{"href":"http:\/\/elcuartopoder.com.mx\/nw\/wp-json\/wp\/v2\/media?parent=90799"}],"wp:term":[{"taxonomy":"category","embeddable":true,"href":"http:\/\/elcuartopoder.com.mx\/nw\/wp-json\/wp\/v2\/categories?post=90799"},{"taxonomy":"post_tag","embeddable":true,"href":"http:\/\/elcuartopoder.com.mx\/nw\/wp-json\/wp\/v2\/tags?post=90799"}],"curies":[{"name":"wp","href":"https:\/\/api.w.org\/{rel}","templated":true}]}}