{"id":90844,"date":"2021-05-15T10:05:27","date_gmt":"2021-05-15T15:05:27","guid":{"rendered":"http:\/\/elcuartopoder.com.mx\/nw\/?p=90844"},"modified":"2021-05-15T10:05:28","modified_gmt":"2021-05-15T15:05:28","slug":"lupillo-rivera-estrenara-cancion-de-rap-junto-a-snoop-dogg","status":"publish","type":"post","link":"http:\/\/elcuartopoder.com.mx\/nw\/entretenimiento\/espectaculos\/lupillo-rivera-estrenara-cancion-de-rap-junto-a-snoop-dogg\/","title":{"rendered":"Lupillo Rivera estrenar\u00e1 canci\u00f3n de rap junto a Snoop Dogg"},"content":{"rendered":"\n<p>\u201cGrandes ligas\u201d es la canci\u00f3n con la que&nbsp;Lupillo Rivera&nbsp;entra al mundo del rap para cantar junto a&nbsp;Snoop Dogg,&nbsp;&nbsp;Alem\u00e1n,&nbsp;Santa Fe Klan&nbsp;y&nbsp;B-real. El single se estrenar\u00e1 este viernes 14 de mayo en plataformas digitales.<\/p>\n\n\n\n<p>\u201cEl rap siempre me ha gustado, ten\u00eda el sue\u00f1o de hacer una colaboraci\u00f3n en este g\u00e9nero y se logr\u00f3 gracias a George L. Prajin (su productor), siento que la canci\u00f3n le va a gustar a todo tipo de personas, no importa si escuchas a Alex Lora o a Luis Miguel, porque tiene un ambiente que te hace bailar\u201d, asegur\u00f3 el int\u00e9rprete.<\/p>\n\n\n\n<p>De acuerdo a medios, la producci\u00f3n se inspir\u00f3 en el corrido de \u201cEl pelotero\u201d, el cual compuso en el a\u00f1o 1996 con su hermano Juan. Expres\u00f3 que busca hacer m\u00e1s temas de este g\u00e9nero, pues la gente est\u00e1 lista para disfrutar de un show con diversos g\u00e9neros.<\/p>\n\n\n\n<p>\u00a0\u201cLa m\u00fasica no tiene fronteras, no importa el estilo que cantes o hagas, el sonido mueve al ser humano en cualquier g\u00e9nero. Estamos calando esta canci\u00f3n, para preparar una segunda idea, porque buscamos hacer una gira con ellos\u201d, refiri\u00f3.<\/p>\n\n\n\n<p><strong>Fuente:<\/strong> XEU<\/p>\n","protected":false},"excerpt":{"rendered":"<p>\u201cGrandes ligas\u201d es la canci\u00f3n con la que&nbsp;Lupillo Rivera&nbsp;entra al mundo del rap para cantar junto a&nbsp;Snoop Dogg,&nbsp;&nbsp;Alem\u00e1n,&nbsp;Santa Fe Klan&nbsp;y&nbsp;B-real. El single se estrenar\u00e1 este viernes 14 de mayo en plataformas digitales. \u201cEl rap siempre me ha gustado, ten\u00eda el sue\u00f1o de hacer una colaboraci\u00f3n en este g\u00e9nero y se logr\u00f3 gracias a George L. [&hellip;]<\/p>\n","protected":false},"author":2,"featured_media":90845,"comment_status":"open","ping_status":"open","sticky":false,"template":"","format":"standard","meta":{"footnotes":""},"categories":[11],"tags":[],"class_list":["post-90844","post","type-post","status-publish","format-standard","has-post-thumbnail","hentry","category-espectaculos"],"_links":{"self":[{"href":"http:\/\/elcuartopoder.com.mx\/nw\/wp-json\/wp\/v2\/posts\/90844","targetHints":{"allow":["GET"]}}],"collection":[{"href":"http:\/\/elcuartopoder.com.mx\/nw\/wp-json\/wp\/v2\/posts"}],"about":[{"href":"http:\/\/elcuartopoder.com.mx\/nw\/wp-json\/wp\/v2\/types\/post"}],"author":[{"embeddable":true,"href":"http:\/\/elcuartopoder.com.mx\/nw\/wp-json\/wp\/v2\/users\/2"}],"replies":[{"embeddable":true,"href":"http:\/\/elcuartopoder.com.mx\/nw\/wp-json\/wp\/v2\/comments?post=90844"}],"version-history":[{"count":1,"href":"http:\/\/elcuartopoder.com.mx\/nw\/wp-json\/wp\/v2\/posts\/90844\/revisions"}],"predecessor-version":[{"id":90846,"href":"http:\/\/elcuartopoder.com.mx\/nw\/wp-json\/wp\/v2\/posts\/90844\/revisions\/90846"}],"wp:featuredmedia":[{"embeddable":true,"href":"http:\/\/elcuartopoder.com.mx\/nw\/wp-json\/wp\/v2\/media\/90845"}],"wp:attachment":[{"href":"http:\/\/elcuartopoder.com.mx\/nw\/wp-json\/wp\/v2\/media?parent=90844"}],"wp:term":[{"taxonomy":"category","embeddable":true,"href":"http:\/\/elcuartopoder.com.mx\/nw\/wp-json\/wp\/v2\/categories?post=90844"},{"taxonomy":"post_tag","embeddable":true,"href":"http:\/\/elcuartopoder.com.mx\/nw\/wp-json\/wp\/v2\/tags?post=90844"}],"curies":[{"name":"wp","href":"https:\/\/api.w.org\/{rel}","templated":true}]}}