{"id":90916,"date":"2021-05-18T17:55:38","date_gmt":"2021-05-18T22:55:38","guid":{"rendered":"http:\/\/elcuartopoder.com.mx\/nw\/?p=90916"},"modified":"2021-05-18T17:58:26","modified_gmt":"2021-05-18T22:58:26","slug":"cuatro-ninas-brasilenas-violadas-cada-hora-un-crimen-extendido-y-silenciado","status":"publish","type":"post","link":"http:\/\/elcuartopoder.com.mx\/nw\/internacionales\/cuatro-ninas-brasilenas-violadas-cada-hora-un-crimen-extendido-y-silenciado\/","title":{"rendered":"Cuatro ni\u00f1as brasile\u00f1as violadas cada hora. Un crimen extendido y silenciado"},"content":{"rendered":"\n<p>Suelen ser noticias cortas en&nbsp;la prensa local. \u201cDetenidos un hombre y una mujer por la violaci\u00f3n de una ni\u00f1a de 13 a\u00f1os. La comisaria de polic\u00eda explica que el hombre, casado con una t\u00eda de la v\u00edctima, la violaba desde hace seis a\u00f1os. Los hechos eran conocidos por la madre y la abuela\u201d. Los arrestos ocurrieron el mi\u00e9rcoles 5 de mayo en Pinheiros, una ciudad de 77.000 habitantes en el norte de Brasil. Ni la edad de la v\u00edctima ni las circunstancias suponen nada excepcional. Informaciones anodinas que narran delitos cotidianos. Las estad\u00edsticas del Forum Brasile\u00f1o de Seguridad P\u00fablica (FBSP) resultan estremecedoras. Cada hora, cuatro ni\u00f1as menores de 13 a\u00f1os son violadas en Brasil, seg\u00fan las&nbsp;cifras m\u00e1s recientes. M\u00e1s de la mitad de las 5.636 v\u00edctimas de 2019 ten\u00eda menos de 13 a\u00f1os.<\/p>\n\n\n\n<p>Y esto es solo la punta del iceberg porque solo contempla lo que llega a o\u00eddos de la polic\u00eda o los servicios de salud. \u201cLa violencia sexual contra los ni\u00f1os est\u00e1 envuelta en un pacto de silencio\u201d, recalca Marcia Bonifacio, jefa de un equipo de sic\u00f3logos y psicopedagogos del Ayuntamiento de S\u00e3o Paulo que da apoyo a las escuelas cuando surge un alumno problem\u00e1tico. Su comportamiento oculta a menudo que es v\u00edctima de violencia sexual o de alg\u00fan otro tipo.<\/p>\n\n\n\n<p>Tres brasile\u00f1as, la educadora Bonifacio, la fiscal Renata Rivitti y la directora del&nbsp;Instituto Liberta, Luciana Temer, echan mano de su amplia experiencia para ayudar a entender los contornos de este delito tan arraigado en esta cultura patriarcal y machista plagada de tab\u00faes que a la vez promueve la sexualizaci\u00f3n precoz. \u201cEs un c\u00edrculo muy perverso con pocos finales felices\u201d, advierte Bonifacio.<\/p>\n\n\n\n<p>La v\u00edctima puede ser una ni\u00f1a de cuatro a\u00f1os que se masturba cuatro veces al d\u00eda en clase, una cr\u00eda de 10 a\u00f1os que empieza a mostrar la figura de una embarazada, un chaval de siete a\u00f1os que fuerza a las compa\u00f1eras de clase a tener sexo oral, una aplicada y retra\u00edda adolescente que aparece con un ojo morado y ofrece explicaciones poco cre\u00edbles\u2026 Las v\u00edctimas no siguen un patr\u00f3n. Los agresores s\u00ed: \u201cNo tengo noticias de ning\u00fan caso en que la agresi\u00f3n fuera perpetrada por un extra\u00f1o\u201d, dice Bonifacio. Suele pertenecer al entorno familiar. El padre, el padrastro, hermanos mayores, t\u00edos, abuelos, amigos de la familia\u2026<\/p>\n\n\n\n<p>Los que combaten la&nbsp;violencia sexual contra los ni\u00f1os&nbsp;insisten en lo democr\u00e1tica que es. En el muy&nbsp;desigual Brasil, no diferencia razas, ni clase social. Unicef estima que 120 millones de mujeres han tenido antes de los 20 a\u00f1os un contacto sexual no deseado.<\/p>\n\n\n\n<p>El C\u00f3digo Penal brasile\u00f1o considera violaci\u00f3n de persona vulnerable mantener relaciones carnales o practicar cualquier acto libidinoso con un menor de 14 a\u00f1os. Las agresiones pueden empezar muy pronto y durar muchos a\u00f1os. No es rara la complicidad de la madre u otros parientes ni que la v\u00edctima sea culpada de destruir la familia o de dejarla sin sustento cuando el agresor es el que trae el dinero a casa. Suele ser un proceso&nbsp;<em>in crescendo<\/em>&nbsp;en el que los abusos son cada vez m\u00e1s invasivos, pero sutiles. A menudo no dejan marcas.<\/p>\n\n\n\n<div class=\"wp-block-image\"><figure class=\"alignright is-resized\"><img loading=\"lazy\" decoding=\"async\" src=\"https:\/\/imagenes.elpais.com\/resizer\/rK0efYZUHTOmlpjaMyLIPTLa1-A=\/414x0\/cloudfront-eu-central-1.images.arcpublishing.com\/prisa\/R4IOCYDJ6VFBBPX43QL4E5MMZM.jpg\" alt=\"2021 05 13: Marcia Andrea Bonifacio da Costa Oliveira - NAAPA\" width=\"360\" height=\"240\"\/><figcaption>2021 05 13: Marcia Andrea Bonifacio da Costa Oliveira &#8211; NAAPALELA BELTR\u00c3O<\/figcaption><\/figure><\/div>\n\n\n\n<p>\u201cCuando tienen entre cero y seis a\u00f1os las v\u00edctimas tienen poco repertorio, pueden percibirlo incluso como un juego, como una muestra de cari\u00f1o, sienten placer, no tienen par\u00e1metros y es muy frecuente que el agresor le exija mantener el secreto\u201d, explica la fiscal Rivitti. Son demasiado peque\u00f1os para distinguir qu\u00e9 es correcto y qu\u00e9 no lo es. Una dificultad que no solo depende de la edad. Bonifacio, cuyo equipo se llama el N\u00facleo de Apoyo y Acompa\u00f1amiento para el Aprendizaje, recuerda el caso de una adolescente de 13 a\u00f1os de familia evang\u00e9lica que descubri\u00f3 en una clase de Ciencias que aquello que su padre hac\u00eda con ella desde que a los ocho a\u00f1os menstru\u00f3 por primera vez era sexo. Aquella chica no ten\u00eda tele, ni m\u00f3vil ni internet. Por eso, dice la fiscal, son tan importantes las clases de educaci\u00f3n sexual.<\/p>\n\n\n\n<h3 class=\"wp-block-heading\">Los casos m\u00e1s graves salen a la luz en un hospital<\/h3>\n\n\n\n<p>Detectar el abuso es un primer paso. Cuando son peque\u00f1os se suele descubrir por su comportamiento en la escuela. Si son mayores, se lo cuentan a alguien de confianza. Los casos m\u00e1s graves salen a la luz en un hospital.<\/p>\n\n\n\n<p>Descubrir el abuso no es f\u00e1cil, proteger a la v\u00edctima sin revictimizarla, tampoco. Y perseguir el delito, a\u00fan menos. La fiscal Rivitti sostiene que llevar a la v\u00edctima a un refugio debe ser el \u00faltimo recurso. Grande es el riesgo de lo que llaman violencia institucional. Si despu\u00e9s de peregrinar por distintos servicios para repetir su primer relato ante el consejo tutelar, la polic\u00eda, el hospital, someterse a una avalancha de preguntas y a un minucioso examen forense, la ni\u00f1a acaba lejos de sus parientes, su barrio, su escuela y sus amigos, se culpa a s\u00ed misma. \u201cDice \u2018mi boca es maldita, habl\u00e9 y me castigaron\u2019\u201d. Algunas se desdicen porque el precio que pagan por revelar el abuso no les compensa.<\/p>\n\n\n\n<p>\u201cTenemos que dar informaci\u00f3n a las v\u00edctimas para que sepan entender qu\u00e9 es abuso, para que sepan relatarlo y tenemos que dar cr\u00e9dito a lo que dicen\u201d, insiste la fiscal Rivitti. Eso es un comienzo. Luego intentan identificar a un familiar que proteja a la ni\u00f1a en el hogar y apartar al violador. Si \u00e9l es fuente de ingresos, tratan de&nbsp;buscar ayudas econ\u00f3micas.<\/p>\n\n\n\n<p>\u00bfY el castigo a los agresores? Conseguir un caso lo suficientemente s\u00f3lido para llevar ante el juez es otra gran dificultad. Suele ser la palabra del ni\u00f1o contra el adulto. La peor pesadilla de quienes combaten las violaciones de menores es que el tribunal absuelva al acusado. \u201cNo podemos entregar el corderillo al lobo con aval judicial\u201d, alerta la fiscal.<\/p>\n\n\n\n<p>Pese a la complejidad del desaf\u00edo, cada una de las tres combate en un frente para que durante la pr\u00f3xima hora no violen a cuatro brasile\u00f1as menores de 13 a\u00f1os. Temer lo hace al frente del Instituto Liberta, con&nbsp;documentales como&nbsp;<em>Un crimen entre nosotros,&nbsp;<\/em>con el que busca concienciar, romper \u201cel c\u00edrculo perverso de la normalizaci\u00f3n del abuso\u201d. Entre los reclutados para la misi\u00f3n, uno de los hombres m\u00e1s famosos de Brasil, el presentador del canal Globo Luciano Huck, cuyo nombre suena para candidato presidencial.<\/p>\n\n\n\n<p>La fiscal Rivitti intenta replicar a nivel del Estado de S\u00e3o Paulo el modelo que cre\u00f3 en Jacare\u00ed, una ciudad de 235.000 habitantes del interior, donde mediante la coordinaci\u00f3n de los servicios educativos, sociales y de salud logr\u00f3 proteger mejor a las v\u00edctimas, lo que propici\u00f3 m\u00e1s denuncias, menores testigos en los juicios y m\u00e1s condenas. Trabaja con una red de otros 70 fiscales.<\/p>\n\n\n\n<p>Con las escuelas cerradas durante meses por la pandemia, el equipo que dirige Bonifacio abri\u00f3 nuevos canales para que los alumnos lanzaran un SOS. Crearon una web que canaliz\u00f3 las denuncias de 200 casos de violencia en nueve meses. De ellos, 56 eran de violencia sexual.<\/p>\n\n\n\n<p><strong>Fuente:<\/strong> elpa\u00eds<\/p>\n","protected":false},"excerpt":{"rendered":"<p>Suelen ser noticias cortas en&nbsp;la prensa local. \u201cDetenidos un hombre y una mujer por la violaci\u00f3n de una ni\u00f1a de 13 a\u00f1os. La comisaria de polic\u00eda explica que el hombre, casado con una t\u00eda de la v\u00edctima, la violaba desde hace seis a\u00f1os. Los hechos eran conocidos por la madre y la abuela\u201d. Los arrestos [&hellip;]<\/p>\n","protected":false},"author":2,"featured_media":90918,"comment_status":"open","ping_status":"open","sticky":false,"template":"","format":"standard","meta":{"footnotes":""},"categories":[8],"tags":[],"class_list":["post-90916","post","type-post","status-publish","format-standard","has-post-thumbnail","hentry","category-internacionales"],"_links":{"self":[{"href":"http:\/\/elcuartopoder.com.mx\/nw\/wp-json\/wp\/v2\/posts\/90916","targetHints":{"allow":["GET"]}}],"collection":[{"href":"http:\/\/elcuartopoder.com.mx\/nw\/wp-json\/wp\/v2\/posts"}],"about":[{"href":"http:\/\/elcuartopoder.com.mx\/nw\/wp-json\/wp\/v2\/types\/post"}],"author":[{"embeddable":true,"href":"http:\/\/elcuartopoder.com.mx\/nw\/wp-json\/wp\/v2\/users\/2"}],"replies":[{"embeddable":true,"href":"http:\/\/elcuartopoder.com.mx\/nw\/wp-json\/wp\/v2\/comments?post=90916"}],"version-history":[{"count":1,"href":"http:\/\/elcuartopoder.com.mx\/nw\/wp-json\/wp\/v2\/posts\/90916\/revisions"}],"predecessor-version":[{"id":90919,"href":"http:\/\/elcuartopoder.com.mx\/nw\/wp-json\/wp\/v2\/posts\/90916\/revisions\/90919"}],"wp:featuredmedia":[{"embeddable":true,"href":"http:\/\/elcuartopoder.com.mx\/nw\/wp-json\/wp\/v2\/media\/90918"}],"wp:attachment":[{"href":"http:\/\/elcuartopoder.com.mx\/nw\/wp-json\/wp\/v2\/media?parent=90916"}],"wp:term":[{"taxonomy":"category","embeddable":true,"href":"http:\/\/elcuartopoder.com.mx\/nw\/wp-json\/wp\/v2\/categories?post=90916"},{"taxonomy":"post_tag","embeddable":true,"href":"http:\/\/elcuartopoder.com.mx\/nw\/wp-json\/wp\/v2\/tags?post=90916"}],"curies":[{"name":"wp","href":"https:\/\/api.w.org\/{rel}","templated":true}]}}