{"id":90934,"date":"2021-05-18T18:39:20","date_gmt":"2021-05-18T23:39:20","guid":{"rendered":"http:\/\/elcuartopoder.com.mx\/nw\/?p=90934"},"modified":"2021-05-18T18:39:22","modified_gmt":"2021-05-18T23:39:22","slug":"la-carrera-hacia-las-presidenciales-de-2024-sheinbaum-se-situa-como-favorita-y-gana-por-la-minima-a-ebrard","status":"publish","type":"post","link":"http:\/\/elcuartopoder.com.mx\/nw\/destacadas\/la-carrera-hacia-las-presidenciales-de-2024-sheinbaum-se-situa-como-favorita-y-gana-por-la-minima-a-ebrard\/","title":{"rendered":"La carrera hacia las presidenciales de 2024: Sheinbaum se sit\u00faa como favorita y gana por la m\u00ednima a Ebrard"},"content":{"rendered":"\n<p><strong>La jefa de Gobierno de Ciudad de M\u00e9xico supera al canciller en intenci\u00f3n de voto, pero empata con \u00e9l entre los simpatizantes de Morena ante una posible postulaci\u00f3n a las presidenciales<\/strong><\/p>\n\n\n\n<p>\u00bfUsted qui\u00e9n preferir\u00eda que fuera el\u00a0<strong>candidato o candidata de Morena<\/strong>\u00a0para Presidente de la Rep\u00fablica\u00a0<strong>en 2024<\/strong>?<\/p>\n\n\n\n<p>Las elecciones del 6 de junio no son un ep\u00edlogo, sino un comienzo. La votaci\u00f3n en la que los mexicanos renovar\u00e1n la C\u00e1mara de Diputados, los gobiernos de casi la mitad de los Estados y miles de cargos locales fijan el horizonte para la cita m\u00e1s importante: la carrera hacia 2024. Todos los ojos est\u00e1n ya puestos en los comicios presidenciales pese a que a\u00a0Andr\u00e9s Manuel L\u00f3pez Obrador\u00a0a\u00fan le quedan tres a\u00f1os en el cargo. La oposici\u00f3n, desarticulada y sin un rumbo claro, no tiene por el momento ning\u00fan liderazgo fuerte y el pr\u00f3ximo candidato de Morena partir\u00e1 como favorito. El nombre depende de la designaci\u00f3n directa del mandatario y entre los dos posibles aspirantes que m\u00e1s suenan, la jefa de Gobierno de Ciudad de M\u00e9xico,\u00a0Claudia Sheinbaum,\u00a0gana por la m\u00ednima al secretario de Relaciones Exteriores,\u00a0Marcelo Ebrard.<\/p>\n\n\n\n<p>Un estudio de SIMO Consulting para EL PA\u00cdS sit\u00faa a la alcaldesa, la pol\u00edtica con m\u00e1s proyecci\u00f3n en M\u00e9xico, a la cabeza de la disputa de 2024. Entre la poblaci\u00f3n general, un 23% la prefiere como candidata a la Presidencia de la Rep\u00fablica de la formaci\u00f3n oficialista frente a un 20% que se decanta por el canciller. El tercer dirigente, tambi\u00e9n presente en todas los debates sobre las pr\u00f3ximas elecciones, es\u00a0Ricardo Monreal,\u00a0veterano pol\u00edtico encargado, como coordinador de los senadores de Morena, de plasmar las voluntades de L\u00f3pez Obrador en el Congreso y convertirlas en leyes. Sin embargo, hay un elevado porcentaje de votantes, un 43%, que todav\u00eda no tiene clara su opci\u00f3n y que no ha contestado a esta pregunta de la encuesta.<\/p>\n\n\n\n<p>El escenario que arrojan los simpatizantes de la formaci\u00f3n al ser preguntados por su aspirante favorito es m\u00e1s incierto todav\u00eda. Sheinbaum y Ebrard empatan con un 28% de las preferencias y Monreal recoge el 13% de las simpat\u00edas. Entre los mexicanos m\u00e1s pr\u00f3ximos a Morena, no obstante, se reduce el n\u00famero de votantes que obvia la cuesti\u00f3n: un 28%.<\/p>\n\n\n\n<figure><iframe src=\"https:\/\/datawrapper.dwcdn.net\/LuCOJ\/1\/\" height=\"336\"><\/iframe><\/figure>\n\n\n\n<p>Tanto la jefa de Gobierno de Ciudad de M\u00e9xico\u00a0como el secretario de Exteriores son dos pol\u00edticos fieles al presidente. La primera simboliza a una generaci\u00f3n de representantes p\u00fablicas que, como la regidora de Bogot\u00e1, Claudia L\u00f3pez, por primera vez administran las capitales de sus pa\u00edses. Discreta, m\u00e1s prudente que el mandatario en la gesti\u00f3n de la emergencia sanitaria de la covid-19, Sheinbaum est\u00e1 afrontando estos d\u00edas el momento m\u00e1s delicado de su gesti\u00f3n. El derrumbe en la L\u00ednea 12 del metro, en el que hace dos semanas fallecieron 26 personas, expuso la sombra de la corrupci\u00f3n y puso en la mira las pol\u00edticas de los gobernantes locales. Hasta Morena busc\u00f3 un culpable y plante\u00f3 impulsar el desafuero del exregidor y hoy senador opositor Miguel \u00c1ngel Mancera, del PRD. La encuesta de SIMO Consulting se realiz\u00f3 justo despu\u00e9s del accidente y en medio de la crisis, entre el 10 y el 14 de mayo, y pese a ello la alcaldesa mantiene una buena perspectiva.<\/p>\n\n\n\n<p>Ebrard tambi\u00e9n fue alcalde de la capital entre 2006 y 2012, cuando se inaugur\u00f3 la L\u00ednea 12, en su momento s\u00edmbolo y orgullo de las infraestructuras de las Administraciones de la izquierda. El canciller, quien afirm\u00f3 que se pone a disposici\u00f3n de las autoridades, es una figura de primer orden en el Gobierno de L\u00f3pez Obrador. Desde la Secretar\u00eda de Exteriores no solo es el responsable de pilotar las decisiones en materia de migraci\u00f3n y las relaciones bilaterales con Estados Unidos, sino que a principios de a\u00f1o impuls\u00f3\u00a0una estrategia diplom\u00e1tica\u00a0que es la columna vertebral de la campa\u00f1a de vacunaci\u00f3n contra el coronavirus.<\/p>\n\n\n\n<p>Los dos tienen una larga trayectoria pol\u00edtica, principalmente vinculada al PRD y en el caso del canciller tambi\u00e9n al PRI y a Movimiento Ciudadano. A pesar de que Ebrard, con un 60%, es m\u00e1s conocido que Sheinbaum, que cuenta con un 51%, y que ambos mantienen una valoraci\u00f3n netamente positiva entre el electorado que les conoce, la segunda obtiene un saldo mucho m\u00e1s positivo que el primero (+21 puntos positivos, en lugar de +9).<\/p>\n\n\n\n<p>La fama entre los votantes, sin embargo, tampoco juega a favor del candidato con mayor grado de reconocimiento.\u00a0Ricardo Anaya, que fue candidato del PAN en 2018,\u00a0cuenta con el peor saldo de la tabla y registra una opini\u00f3n negativa de 17 puntos para el conjunto de la ciudadan\u00eda. Aun as\u00ed, es la figura de la oposici\u00f3n que m\u00e1s opciones tiene entre Alfredo del Mazo, gobernador del Estado de M\u00e9xico, del PRI; Enrique Alfaro, gobernador de Jalisco, de Movimiento Ciudadano; y el pol\u00e9mico empresario Ricardo Salinas Pliego como hipot\u00e9tico candidato independiente.<\/p>\n\n\n\n<h2 class=\"wp-block-heading\">La carrera est\u00e1 lejos de definirse<\/h2>\n\n\n\n<p>Los datos de popularidad son importantes porque se traducen en intenci\u00f3n de voto. Cuando a los electores potenciales se les plantea una hipot\u00e9tica elecci\u00f3n con Ebrard como candidato de Morena y si ese escenario\u00a0se compara con otra en la que Sheinbaum\u00a0ocupar\u00eda dicha plaza, la segunda obtiene un resultado sensiblemente mejor al primero. En cualquier caso, ambos dominan la elecci\u00f3n, y en ambas hip\u00f3tesis existe un sustancial porcentaje de voto indeciso o ausente, pero incluso esta franja se reduce ligeramente cuando la mandataria capitalina es la que compite.<\/p>\n\n\n\n<figure><iframe src=\"https:\/\/datawrapper.dwcdn.net\/wgAg7\/1\/\" height=\"287\"><\/iframe><\/figure>\n\n\n\n<p>La \u00faltima palabra, adem\u00e1s, le corresponde al presidente, que la semana pasada afirm\u00f3 que se opone a una reelecci\u00f3n, pero ya sent\u00f3 la base para que ese se convierta en un tema de debate pese a no estar contemplado por la Constituci\u00f3n. \u201cVoy a decir otra cosa que les va a molestar mucho a los conservadores, a mis adversarios. \u2018Reel\u00edjase, reel\u00edjase.\u2019 Les dec\u00eda: No, \u00bfque no ven que ya estoy chocheando y que adem\u00e1s soy partidario de la no reelecci\u00f3n, soy maderista?.\u00a0Ya hasta el 24 y me jubilo\u201d, dijo L\u00f3pez Obrador.\u00a0Ya se comprometi\u00f3 a ello por carta en 2019.<\/p>\n\n\n\n<p>Mientras tanto, ni\u00a0Sheinbaum ni Ebrard ni Monreal\u00a0quieren o\u00edr hablar de elecciones presidenciales a la espera de que el mandatario les d\u00e9 el visto bueno para empezar a moverse y calibrar la aceptaci\u00f3n de la sociedad. Seguramente no ocurrir\u00e1 antes del pr\u00f3ximo a\u00f1o. A\u00fan es pronto y la carrera se juega en el largo plazo. Pero ya hay una terna de posibles nombres y, salvo sorpresas o que la oposici\u00f3n logre recomponerse con un liderazgo fuerte, el candidato de Morena ser\u00e1 quien domine la intenci\u00f3n de voto.<\/p>\n\n\n\n<p><strong>Fuente: <\/strong>marcrixnoticias<\/p>\n","protected":false},"excerpt":{"rendered":"<p>La jefa de Gobierno de Ciudad de M\u00e9xico supera al canciller en intenci\u00f3n de voto, pero empata con \u00e9l entre los simpatizantes de Morena ante una posible postulaci\u00f3n a las presidenciales \u00bfUsted qui\u00e9n preferir\u00eda que fuera el\u00a0candidato o candidata de Morena\u00a0para Presidente de la Rep\u00fablica\u00a0en 2024? Las elecciones del 6 de junio no son un [&hellip;]<\/p>\n","protected":false},"author":2,"featured_media":90935,"comment_status":"open","ping_status":"open","sticky":false,"template":"","format":"standard","meta":{"footnotes":""},"categories":[59],"tags":[],"class_list":["post-90934","post","type-post","status-publish","format-standard","has-post-thumbnail","hentry","category-destacadas"],"_links":{"self":[{"href":"http:\/\/elcuartopoder.com.mx\/nw\/wp-json\/wp\/v2\/posts\/90934","targetHints":{"allow":["GET"]}}],"collection":[{"href":"http:\/\/elcuartopoder.com.mx\/nw\/wp-json\/wp\/v2\/posts"}],"about":[{"href":"http:\/\/elcuartopoder.com.mx\/nw\/wp-json\/wp\/v2\/types\/post"}],"author":[{"embeddable":true,"href":"http:\/\/elcuartopoder.com.mx\/nw\/wp-json\/wp\/v2\/users\/2"}],"replies":[{"embeddable":true,"href":"http:\/\/elcuartopoder.com.mx\/nw\/wp-json\/wp\/v2\/comments?post=90934"}],"version-history":[{"count":1,"href":"http:\/\/elcuartopoder.com.mx\/nw\/wp-json\/wp\/v2\/posts\/90934\/revisions"}],"predecessor-version":[{"id":90936,"href":"http:\/\/elcuartopoder.com.mx\/nw\/wp-json\/wp\/v2\/posts\/90934\/revisions\/90936"}],"wp:featuredmedia":[{"embeddable":true,"href":"http:\/\/elcuartopoder.com.mx\/nw\/wp-json\/wp\/v2\/media\/90935"}],"wp:attachment":[{"href":"http:\/\/elcuartopoder.com.mx\/nw\/wp-json\/wp\/v2\/media?parent=90934"}],"wp:term":[{"taxonomy":"category","embeddable":true,"href":"http:\/\/elcuartopoder.com.mx\/nw\/wp-json\/wp\/v2\/categories?post=90934"},{"taxonomy":"post_tag","embeddable":true,"href":"http:\/\/elcuartopoder.com.mx\/nw\/wp-json\/wp\/v2\/tags?post=90934"}],"curies":[{"name":"wp","href":"https:\/\/api.w.org\/{rel}","templated":true}]}}