{"id":91039,"date":"2021-05-21T20:50:48","date_gmt":"2021-05-22T01:50:48","guid":{"rendered":"http:\/\/elcuartopoder.com.mx\/nw\/?p=91039"},"modified":"2021-05-21T20:50:50","modified_gmt":"2021-05-22T01:50:50","slug":"la-ofensiva-de-la-fiscalia-contra-el-gobernador-de-tamaulipas-convulsiona-el-tablero-politico","status":"publish","type":"post","link":"http:\/\/elcuartopoder.com.mx\/nw\/politica\/la-ofensiva-de-la-fiscalia-contra-el-gobernador-de-tamaulipas-convulsiona-el-tablero-politico\/","title":{"rendered":"La ofensiva de la Fiscal\u00eda contra el gobernador de Tamaulipas convulsiona el tablero pol\u00edtico"},"content":{"rendered":"\n<p>Los tel\u00e9fonos de los abogados constitucionalistas echan fuego estos d\u00edas en M\u00e9xico. No hay ma\u00f1ana en que no se les pida una opini\u00f3n, una aclaraci\u00f3n, incluso una certeza sobre el caso Cabeza de Vaca. Gobernador de Tamaulipas, figura de la oposici\u00f3n y cargo del Partido Acci\u00f3n Nacional (PAN), Francisco Garc\u00eda Cabeza de Vaca se convirti\u00f3 este mi\u00e9rcoles en fugitivo de la justicia federal. Como quien tira un cohete en una iglesia, un juez orden\u00f3 su captura por lavado de dinero y delincuencia organizada, despu\u00e9s de una petici\u00f3n de la Fiscal\u00eda General de la Rep\u00fablica (FGR). La pregunta ahora es si efectivamente puede ser detenido, si la protecci\u00f3n de que gozan los altos funcionarios, el fuero, todav\u00eda le protege y, por supuesto, qu\u00e9 cantidad de inter\u00e9s pol\u00edtico alimenta el proceso en su contra.<\/p>\n\n\n\n<p>La noticia sobre la orden de captura ha generado un gran alboroto en los corredores pol\u00edticos de la capital. Los ciudadanos eligen\u00a0un nuevo Congreso el 6 de junio\u00a0y gobernadores en m\u00e1s de la mitad de los estados. Ruidoso, politizado, el proceso contra Cabeza de Vaca domina y distorsiona la campa\u00f1a electoral, convertida en un conmigo o contra m\u00ed, con el presidente y la Cuarta Transformaci\u00f3n o con la oposici\u00f3n, reducida desde presidencia a adjetivos como neoliberales o conservadores.<\/p>\n\n\n\n<p>Este jueves, el presidente, Andr\u00e9s Manuel L\u00f3pez Obrador, se ha referido al caso del pol\u00edtico del PAN. Consciente de las acusaciones que le lanza la oposici\u00f3n sobre su intromisi\u00f3n en el trabajo de la FGR, L\u00f3pez Obrador ha dicho que el caso Cabeza de Vaca \u201ces una cuesti\u00f3n que est\u00e1 tratando la fiscal\u00eda, que es aut\u00f3noma. Yo no estoy dando instrucciones\u201d, ha a\u00f1adido el mandatario, \u201cno es mi fuerte la venganza, no soy hip\u00f3crita, no soy de dos caras como lo son los conservadores, que esa es su doctrina, la hipocres\u00eda\u201d.<\/p>\n\n\n\n<p>Sorprende en todo caso la ofensiva de la fiscal\u00eda. En febrero, los investigadores informaron de que hab\u00edan presentado denuncias contra el gobernador, caso extraordinario en un pa\u00eds donde los gobernadores en activo no suelen enfrentar procesos penales. Los altos funcionarios gozan de fuero, protecci\u00f3n que solo el poder legislativo puede romper. La fiscal\u00eda inform\u00f3 entonces a la C\u00e1mara de Diputados sobre sus pesquisas, pidiendo el desafuero de Cabeza de Vaca. Con mayor\u00eda de Morena y sus aliados, la C\u00e1mara vot\u00f3 a favor. La pelota pas\u00f3 entonces al tejado del Congreso de Tamaulipas, que decidi\u00f3 rechazar la decisi\u00f3n de la C\u00e1mara de Diputados federal. Adem\u00e1s, acudi\u00f3 a la Suprema Corte de Justicia de la Naci\u00f3n (SCJN), m\u00e1ximo tribunal del pa\u00eds, para que hiciera de \u00e1rbitro.<\/p>\n\n\n\n<p>En la SCJN, el ministro encargado del asunto se\u00f1al\u00f3 que el Congreso local actu\u00f3 dentro de sus atribuciones y constat\u00f3 que los legisladores de Tamaulipas decidieron no quitarle el fuero al gobernador Cabeza de Vaca. Pero no entr\u00f3 al fondo de la cuesti\u00f3n. Luego la fiscal\u00eda impugn\u00f3 el escrito del ministro. As\u00ed hab\u00eda quedado el entuerto cuando este mi\u00e9rcoles la fiscal\u00eda filtr\u00f3 la obtenci\u00f3n de \u00f3rdenes de captura contra el gobernador. Considerado lo anterior, un juez federal hab\u00eda asumido que el gobernador carec\u00eda de fuero y determin\u00f3 su detenci\u00f3n.<\/p>\n\n\n\n<p>Ante la noticia, Cabeza de Vaca divulg\u00f3 un comunicado, rechazando las acusaciones en su contra. \u201cSe usa la justicia para perseguir y amedrentar a los opositores (&#8230;) sobre todo cuando la preferencia electoral de los ciudadanos va en declive\u201d, dijo Cabeza de Vaca. \u201cComo he hecho desde que esta andanada pol\u00edtica comenz\u00f3, me defender\u00e9 ante estas falsas acusaciones (&#8230;) Este pa\u00eds no es la naci\u00f3n de un solo hombre\u201d, dijo el gobernador. De momento, el mandatario sigue en libertad, al frente del gobierno estatal.<\/p>\n\n\n\n<h2 class=\"wp-block-heading\">El fondo de la historia<\/h2>\n\n\n\n<p>La politizaci\u00f3n del caso ha impedido que los actores implicados aborden muchas veces el fondo del asunto, las acusaciones contra Cabeza de Vaca, y abunden en explicaciones sobre tecnicismos del proceso que ahora mismo resultan complicadas de entender, m\u00e1s de interpretar. No queda claro qu\u00e9 conductas del gobernador considera la FGR que son constitutivas de delito. Por filtraciones a la prensa se intuye que la fiscal\u00eda acusa a Cabeza de Vaca de desviar fondos p\u00fablicos para comprar propiedades.<\/p>\n\n\n\n<p>En un escrito que los investigadores enviaron a la C\u00e1mara de Diputados federal hace unas semanas, filtrado igualmente a la prensa, escribieron: \u201cDurante el periodo de 2016 a 2019, el investigado Francisco Javier Garc\u00eda Cabeza de Vaca, en su calidad de\u00a0gobernador del Estado de Tamaulipas,\u00a0conform\u00f3 una organizaci\u00f3n y dise\u00f1\u00f3 un esquema que fue operado desde el interior del propio Gobierno de esa entidad con la intenci\u00f3n de beneficiar a familiares y terceros con recursos p\u00fablicos, a trav\u00e9s de licitaciones, para posteriormente dispersarlos a trav\u00e9s de personas morales, socios y beneficiarios directos para blanquear dichos recursos\u201d.<\/p>\n\n\n\n<p>De manera p\u00fablica, la Fiscal\u00eda inform\u00f3 de que la justicia de Estados Unidos envi\u00f3 informaci\u00f3n sobre \u201cposibles responsabilidades penales\u201d del gobernador y personas de su entorno, adem\u00e1s de datos sobre \u201cdiversas empresas comerciales, desarrolladoras e industriales, vinculadas con irregularidades bancarias, transferencias monetarias ilegales y operaciones il\u00edcitas\u201d. Este jueves, el presidente, Andr\u00e9s Manuel L\u00f3pez Obrador, present\u00f3 un documento en su habitual conferencia de prensa matutina sobre el caso. Era un oficio\u00a0del Departamento de Justicia de EE UU, en el que pide informaci\u00f3n a Hacienda sobre Cabeza de Vaca, por una investigaci\u00f3n sobre lavado de dinero. \u201cNo hay impunidad\u201d, ha dicho el mandatario, \u201cantes mandaban informaci\u00f3n as\u00ed y no se contestaba\u201d.<\/p>\n\n\n\n<h2 class=\"wp-block-heading\">Los expertos y el fuero<\/h2>\n\n\n\n<p>M\u00e1s all\u00e1 de la posible detenci\u00f3n de Cabeza de Vaca, los tecnicismos entretienen a los expertos, que enfrentan un escenario nuevo, cuyas consecuencias parecen dif\u00edciles de prever. Juan Jes\u00fas Garza, integrante del Instituto de Investigaciones Jur\u00eddicas de la UNAM, explica que \u201cjur\u00eddicamente, la orden de detenci\u00f3n no tiene pies ni cabeza. No es normal que un juez gire una orden de aprehensi\u00f3n a pesar de que el tema del fuero no est\u00e1 resuelto\u201d, argumenta, en relaci\u00f3n con el choque entre los legisladores locales y federales y el arbitraje fallido de la SCJN. Para Garza, el fuero a\u00fan existe. \u201cEs un caso in\u00e9dito. Por la resoluci\u00f3n de la SCJN, por la interposici\u00f3n del fiscal general, Alejandro Gertz, en contra de la resoluci\u00f3n de la SCJN, est\u00e1n todos los elementos para afirmar queCabeza de Vaca tiene fuero. Lo que llama la atenci\u00f3n es justamente que se haya ordenado su detenci\u00f3n. El juez que lo haya ordenado es intr\u00e9pido, desde luego\u201d, a\u00f1ade el especialista. \u201cPodr\u00eda se\u00f1alar que el criterio de la SCJN no es vinculante y el acto del Congreso de Tamaulipas ya no sirve para mantener el fuero. Pero no se me ocurre c\u00f3mo podr\u00eda argumentar eso\u201d.<\/p>\n\n\n\n<p>Para el abogado penalista Gabriel Regino, la situaci\u00f3n es muy distinta. Regino parte de la decisi\u00f3n del Congreso local de rechazar el desafuero de Cabeza de Vaca. T\u00e9cnicamente, los legisladores no homologaron la decisi\u00f3n de la C\u00e1mara de Diputados federal. \u201cLa figura de la no homologaci\u00f3n es legalmente inexistente. Ni la Constituci\u00f3n de M\u00e9xico ni la de Tamaulipas prev\u00e9n la no homologaci\u00f3n. Por eso, lo que hizo el Congreso local est\u00e1 fuera del orden legal. Es una decisi\u00f3n pol\u00edtica, no jur\u00eddica\u201d, argumenta.<\/p>\n\n\n\n<p>Eso implica, seg\u00fan Regino, que el desafuero marcado por a C\u00e1mara de Diputados prevalece y que no hay problema alguno para que la FGR pidiera una orden de detenci\u00f3n y el juez la concediera. \u201cLa detenci\u00f3n debe ocurrir. Los delitos por los que se libra la orden de aprehensi\u00f3n ameritan prisi\u00f3n preventiva oficiosa. \u00c9l puede interponer amparos, puede hacer muchas cosas, pero al final va a tener que enfrentar un proceso penal\u201d, a\u00f1ade.<\/p>\n\n\n\n<p><strong>Fuente:<\/strong> elpa\u00eds<\/p>\n","protected":false},"excerpt":{"rendered":"<p>Los tel\u00e9fonos de los abogados constitucionalistas echan fuego estos d\u00edas en M\u00e9xico. No hay ma\u00f1ana en que no se les pida una opini\u00f3n, una aclaraci\u00f3n, incluso una certeza sobre el caso Cabeza de Vaca. Gobernador de Tamaulipas, figura de la oposici\u00f3n y cargo del Partido Acci\u00f3n Nacional (PAN), Francisco Garc\u00eda Cabeza de Vaca se convirti\u00f3 [&hellip;]<\/p>\n","protected":false},"author":2,"featured_media":91040,"comment_status":"open","ping_status":"open","sticky":false,"template":"","format":"standard","meta":{"footnotes":""},"categories":[61],"tags":[],"class_list":["post-91039","post","type-post","status-publish","format-standard","has-post-thumbnail","hentry","category-politica"],"_links":{"self":[{"href":"http:\/\/elcuartopoder.com.mx\/nw\/wp-json\/wp\/v2\/posts\/91039","targetHints":{"allow":["GET"]}}],"collection":[{"href":"http:\/\/elcuartopoder.com.mx\/nw\/wp-json\/wp\/v2\/posts"}],"about":[{"href":"http:\/\/elcuartopoder.com.mx\/nw\/wp-json\/wp\/v2\/types\/post"}],"author":[{"embeddable":true,"href":"http:\/\/elcuartopoder.com.mx\/nw\/wp-json\/wp\/v2\/users\/2"}],"replies":[{"embeddable":true,"href":"http:\/\/elcuartopoder.com.mx\/nw\/wp-json\/wp\/v2\/comments?post=91039"}],"version-history":[{"count":1,"href":"http:\/\/elcuartopoder.com.mx\/nw\/wp-json\/wp\/v2\/posts\/91039\/revisions"}],"predecessor-version":[{"id":91041,"href":"http:\/\/elcuartopoder.com.mx\/nw\/wp-json\/wp\/v2\/posts\/91039\/revisions\/91041"}],"wp:featuredmedia":[{"embeddable":true,"href":"http:\/\/elcuartopoder.com.mx\/nw\/wp-json\/wp\/v2\/media\/91040"}],"wp:attachment":[{"href":"http:\/\/elcuartopoder.com.mx\/nw\/wp-json\/wp\/v2\/media?parent=91039"}],"wp:term":[{"taxonomy":"category","embeddable":true,"href":"http:\/\/elcuartopoder.com.mx\/nw\/wp-json\/wp\/v2\/categories?post=91039"},{"taxonomy":"post_tag","embeddable":true,"href":"http:\/\/elcuartopoder.com.mx\/nw\/wp-json\/wp\/v2\/tags?post=91039"}],"curies":[{"name":"wp","href":"https:\/\/api.w.org\/{rel}","templated":true}]}}