{"id":91048,"date":"2021-05-22T10:42:09","date_gmt":"2021-05-22T15:42:09","guid":{"rendered":"http:\/\/elcuartopoder.com.mx\/nw\/?p=91048"},"modified":"2021-05-22T10:42:11","modified_gmt":"2021-05-22T15:42:11","slug":"detienen-a-sujeto-armado-en-la-colonia-generacion-2000","status":"publish","type":"post","link":"http:\/\/elcuartopoder.com.mx\/nw\/policiacas\/detienen-a-sujeto-armado-en-la-colonia-generacion-2000\/","title":{"rendered":"Detienen a Sujeto Armado en la Colonia Generaci\u00f3n 2000"},"content":{"rendered":"\n<p>Elementos de la Polic\u00eda Quintana Roo detuvieron a un sujeto que se identific\u00f3 como \u00c1lvaro \u201cN\u201d de 33 a\u00f1os de edad, por el delito de portaci\u00f3n de arma de fuego.<\/p>\n\n\n\n<p>Los hechos ocurrieron, cuando elementos que realizaban su recorrido de prevenci\u00f3n y vigilancia, atendieron un reporte de personas armadas en la colonia Generaci\u00f3n 2000, a bordo de un veh\u00edculo Nissan, tipo Sentra color gris.<\/p>\n\n\n\n<div class=\"wp-block-image\"><figure class=\"aligncenter\"><img decoding=\"async\" src=\"https:\/\/cambio22.info\/wp-content\/uploads\/2021\/05\/CNDET-2.jpg\" alt=\"\" class=\"wp-image-81934\"\/><\/figure><\/div>\n\n\n\n<p>Al arribar al lugar, ubicaron el automotor en un camino de terracer\u00eda y se percataron que ten\u00eda da\u00f1os en el frente, al parecer de un hecho vial, as\u00ed mismo observaron dentro del veh\u00edculo una persona del sexo masculino, a quien le indicaron descender para realizarle una inspecci\u00f3n corporal.<\/p>\n\n\n\n<p>Al realizarle la inspecci\u00f3n, los oficiales localizaron dentro del veh\u00edculo una mochila que en su interior conten\u00eda un arma de fuego tipo escuadra, con un cargador abastecido con 18 cartuchos \u00fatiles calibre 9 mil\u00edmetros, dos cargadores abastecidos m\u00e1s con 16 cartuchos \u00fatiles del mismo calibre y una bolsa de nylon con otro cargador abastecido de 16 cartuchos.<\/p>\n\n\n\n<div class=\"wp-block-image\"><figure class=\"aligncenter\"><img decoding=\"async\" src=\"https:\/\/cambio22.info\/wp-content\/uploads\/2021\/05\/CNDET-3.jpg\" alt=\"\" class=\"wp-image-81935\"\/><\/figure><\/div>\n\n\n\n<p>Ante el hallazgo, los oficiales procedieron a la formal detenci\u00f3n del sujeto como probable responsable del delito de portaci\u00f3n de arma de fuego y municiones, para trasladarlo a las instalaciones de la Polic\u00eda Quintana Roo Benito Ju\u00e1rez y ponerlo a disposici\u00f3n de la autoridad correspondiente.<\/p>\n\n\n\n<p><strong>Fuente:&nbsp;<\/strong>cambio22<br><\/p>\n","protected":false},"excerpt":{"rendered":"<p>Elementos de la Polic\u00eda Quintana Roo detuvieron a un sujeto que se identific\u00f3 como \u00c1lvaro \u201cN\u201d de 33 a\u00f1os de edad, por el delito de portaci\u00f3n de arma de fuego. Los hechos ocurrieron, cuando elementos que realizaban su recorrido de prevenci\u00f3n y vigilancia, atendieron un reporte de personas armadas en la colonia Generaci\u00f3n 2000, a [&hellip;]<\/p>\n","protected":false},"author":2,"featured_media":91049,"comment_status":"open","ping_status":"open","sticky":false,"template":"","format":"standard","meta":{"footnotes":""},"categories":[23],"tags":[],"class_list":["post-91048","post","type-post","status-publish","format-standard","has-post-thumbnail","hentry","category-policiacas"],"_links":{"self":[{"href":"http:\/\/elcuartopoder.com.mx\/nw\/wp-json\/wp\/v2\/posts\/91048","targetHints":{"allow":["GET"]}}],"collection":[{"href":"http:\/\/elcuartopoder.com.mx\/nw\/wp-json\/wp\/v2\/posts"}],"about":[{"href":"http:\/\/elcuartopoder.com.mx\/nw\/wp-json\/wp\/v2\/types\/post"}],"author":[{"embeddable":true,"href":"http:\/\/elcuartopoder.com.mx\/nw\/wp-json\/wp\/v2\/users\/2"}],"replies":[{"embeddable":true,"href":"http:\/\/elcuartopoder.com.mx\/nw\/wp-json\/wp\/v2\/comments?post=91048"}],"version-history":[{"count":1,"href":"http:\/\/elcuartopoder.com.mx\/nw\/wp-json\/wp\/v2\/posts\/91048\/revisions"}],"predecessor-version":[{"id":91050,"href":"http:\/\/elcuartopoder.com.mx\/nw\/wp-json\/wp\/v2\/posts\/91048\/revisions\/91050"}],"wp:featuredmedia":[{"embeddable":true,"href":"http:\/\/elcuartopoder.com.mx\/nw\/wp-json\/wp\/v2\/media\/91049"}],"wp:attachment":[{"href":"http:\/\/elcuartopoder.com.mx\/nw\/wp-json\/wp\/v2\/media?parent=91048"}],"wp:term":[{"taxonomy":"category","embeddable":true,"href":"http:\/\/elcuartopoder.com.mx\/nw\/wp-json\/wp\/v2\/categories?post=91048"},{"taxonomy":"post_tag","embeddable":true,"href":"http:\/\/elcuartopoder.com.mx\/nw\/wp-json\/wp\/v2\/tags?post=91048"}],"curies":[{"name":"wp","href":"https:\/\/api.w.org\/{rel}","templated":true}]}}