{"id":91162,"date":"2021-05-26T10:13:09","date_gmt":"2021-05-26T15:13:09","guid":{"rendered":"http:\/\/elcuartopoder.com.mx\/nw\/?p=91162"},"modified":"2021-05-26T10:13:11","modified_gmt":"2021-05-26T15:13:11","slug":"hector-herrera-el-triunfo-del-soldado-que-supo-esperar","status":"publish","type":"post","link":"http:\/\/elcuartopoder.com.mx\/nw\/entretenimiento\/deportes\/hector-herrera-el-triunfo-del-soldado-que-supo-esperar\/","title":{"rendered":"H\u00e9ctor Herrera, el triunfo del soldado que supo esperar"},"content":{"rendered":"\n<p>Las paradojas tambi\u00e9n tienen su lugar en el f\u00fatbol. H\u00e9ctor Herrera (Rosarito, 31 a\u00f1os) jug\u00f3 la menor cantidad de minutos en su trayectoria Europa la misma temporada en la que el Atl\u00e9tico de Madrid gan\u00f3 la und\u00e9cima Liga. El mexicano, pese a cargar con el rol de secundario, fue un engranaje clave para el pelot\u00f3n de Simeone en el mediocampo. Pero la campa\u00f1a 2020-21 fue un calvario para el mexicano que tuvo que afrontar una serie de lesiones y la muerte de su madre por covid-19.<\/p>\n\n\n\n<p>Herrera ha labrado un camino en el f\u00fatbol desde las peores canchas de M\u00e9xico. Su b\u00fasqueda por ser futbolista profesional le llev\u00f3 a salirse de casa de sus padres cuando ten\u00eda menos de 13 a\u00f1os. Recorri\u00f3 el pa\u00eds hasta que un reclutador le ech\u00f3 ojo. \u00c1ngel Coca Gonz\u00e1lez le ofreci\u00f3 un lugar para probarse en Pachuca, uno de los equipos que mejor ha trabajado con los juveniles mexicanos. Gonz\u00e1lez ten\u00eda la reputaci\u00f3n de haber descubierto a Cuauht\u00e9moc Blanco, \u00eddolo nacional. En 2011 aterriz\u00f3 en Primera Divisi\u00f3n. Su capacidad para distribuir el juego en el medio de la cancha y la autoridad para manejar los hilos del equipo le llevaron a tener un ascenso mete\u00f3rico. Sin hacer ruido, se col\u00f3 a la lista de futbolistas para los Juegos Ol\u00edmpicos de Londres 2012. Como titular, Herrera gan\u00f3 el oro frente al Brasil de Neymar, en uno de los mayores hitos del f\u00fatbol mexicano.<\/p>\n\n\n\n<p>El Oporto, uno de los grandes de Portugal, abri\u00f3 la cartera para ficharle por m\u00e1s de 10 millones de d\u00f3lares en 2013. El mexicano gan\u00f3 mayor fuelle y se erigi\u00f3 como capit\u00e1n, a la par ya era un indiscutible para la selecci\u00f3n de su pa\u00eds. Conquist\u00f3 la Liga en la temporada 2017-18 y puso fin al dominio del Benfica. El club planteaba mantenerle en el equipo, pero Herrera deseaba pegar el salto antes de que se le agotara el tiempo. Con 29 a\u00f1os renunci\u00f3 a la comodidad que hab\u00eda alcanzado en el Oporto para negociar su llegada al Atl\u00e9tico de Madrid como jugador libre. Simeone hab\u00eda ganado un engranaje m\u00e1s al sistema.<\/p>\n\n\n\n<p>El primer a\u00f1o de Herrera con el Atl\u00e9tico fue irregular al jugar solo en 21 partidos de la Liga e incidir en algunos partidos de la Champions League, pero desde el entorno del mexicano se hablaba de una posible vuelta a Portugal o a otro club donde pudiese jugar m\u00e1s minutos y, claro, fuera titular. Herrera defendi\u00f3 su lugar con los colchoneros y se mantuvo. \u201cSi debo ser paciente, as\u00ed lo ser\u00e9 y apoyar\u00e9 desde donde me toque, dentro o fuera de la cancha porque quiero ganarme la confianza del t\u00e9cnico\u201d, insist\u00eda.<\/p>\n\n\n\n<p>La temporada 2020-21 fue m\u00e1s complicada para Herrera. Cuando Simeone le empezaba a dar hueco entre Koke y Lemar, el mexicano sufri\u00f3 una lesi\u00f3n muscular en un momento clave: el primer derbi contra el Real Madrid. Herrera, titular, no pudo terminar el partido. La situaci\u00f3n se agrav\u00f3 cuando al club lleg\u00f3 Geoffrey Kondogbia para darle m\u00e1s m\u00fasculo al club en el centro del campo. Las lesiones le alejaron del campo por 49 d\u00edas.<\/p>\n\n\n\n<p>En febrero, Herrera tuvo que parar un par de semanas tras dar positivo por covid-19. La enfermedad merm\u00f3 su desempe\u00f1o. \u201cEs un chico que siempre ha ayudado desde el lugar que le ha tocado y con una influencia dentro del grupo importante\u201d, dijo Simeone. Un mes despu\u00e9s, H\u00e9ctor Herrera tuvo que viajar de emergencia a M\u00e9xico en marzo pasado por la muerte de su madre, Mar\u00eda Candelaria L\u00f3pez, a causa del coronavirus.<\/p>\n\n\n\n<p>Herrera se dispuso a las \u00f3rdenes de Simeone que en la recta final del campeonato le dio minutos cruciales. El club aprovech\u00f3 que el mexicano no hab\u00eda tenido el desgaste de los dem\u00e1s mediocampistas. El jugador dorsal 16 ayud\u00f3 al equipo a no perder partidos clave, como el de Osasuna que ganaron in extremis. \u201cNecesitamos de todos, ya sea cinco o 93 minutos\u201d, hab\u00eda dicho el entrenador argentino. El cabo Herrera sobrepuso al equipo por encima de sus aspiraciones. El mexicano a\u00fan aguarda a su gran oportunidad en el Atl\u00e9tico.<\/p>\n\n\n\n<p><strong>Fuente:<\/strong> elpa\u00eds<\/p>\n","protected":false},"excerpt":{"rendered":"<p>Las paradojas tambi\u00e9n tienen su lugar en el f\u00fatbol. H\u00e9ctor Herrera (Rosarito, 31 a\u00f1os) jug\u00f3 la menor cantidad de minutos en su trayectoria Europa la misma temporada en la que el Atl\u00e9tico de Madrid gan\u00f3 la und\u00e9cima Liga. El mexicano, pese a cargar con el rol de secundario, fue un engranaje clave para el pelot\u00f3n [&hellip;]<\/p>\n","protected":false},"author":2,"featured_media":91163,"comment_status":"open","ping_status":"open","sticky":false,"template":"","format":"standard","meta":{"footnotes":""},"categories":[7],"tags":[],"class_list":["post-91162","post","type-post","status-publish","format-standard","has-post-thumbnail","hentry","category-deportes"],"_links":{"self":[{"href":"http:\/\/elcuartopoder.com.mx\/nw\/wp-json\/wp\/v2\/posts\/91162","targetHints":{"allow":["GET"]}}],"collection":[{"href":"http:\/\/elcuartopoder.com.mx\/nw\/wp-json\/wp\/v2\/posts"}],"about":[{"href":"http:\/\/elcuartopoder.com.mx\/nw\/wp-json\/wp\/v2\/types\/post"}],"author":[{"embeddable":true,"href":"http:\/\/elcuartopoder.com.mx\/nw\/wp-json\/wp\/v2\/users\/2"}],"replies":[{"embeddable":true,"href":"http:\/\/elcuartopoder.com.mx\/nw\/wp-json\/wp\/v2\/comments?post=91162"}],"version-history":[{"count":1,"href":"http:\/\/elcuartopoder.com.mx\/nw\/wp-json\/wp\/v2\/posts\/91162\/revisions"}],"predecessor-version":[{"id":91164,"href":"http:\/\/elcuartopoder.com.mx\/nw\/wp-json\/wp\/v2\/posts\/91162\/revisions\/91164"}],"wp:featuredmedia":[{"embeddable":true,"href":"http:\/\/elcuartopoder.com.mx\/nw\/wp-json\/wp\/v2\/media\/91163"}],"wp:attachment":[{"href":"http:\/\/elcuartopoder.com.mx\/nw\/wp-json\/wp\/v2\/media?parent=91162"}],"wp:term":[{"taxonomy":"category","embeddable":true,"href":"http:\/\/elcuartopoder.com.mx\/nw\/wp-json\/wp\/v2\/categories?post=91162"},{"taxonomy":"post_tag","embeddable":true,"href":"http:\/\/elcuartopoder.com.mx\/nw\/wp-json\/wp\/v2\/tags?post=91162"}],"curies":[{"name":"wp","href":"https:\/\/api.w.org\/{rel}","templated":true}]}}