{"id":91168,"date":"2021-05-26T10:19:19","date_gmt":"2021-05-26T15:19:19","guid":{"rendered":"http:\/\/elcuartopoder.com.mx\/nw\/?p=91168"},"modified":"2021-05-26T10:19:20","modified_gmt":"2021-05-26T15:19:20","slug":"saca-el-papa-del-vaticano-a-un-seminario-juvenil-inmerso-en-juicio-por-abusos","status":"publish","type":"post","link":"http:\/\/elcuartopoder.com.mx\/nw\/destacadas\/saca-el-papa-del-vaticano-a-un-seminario-juvenil-inmerso-en-juicio-por-abusos\/","title":{"rendered":"Saca el Papa del Vaticano a un seminario juvenil inmerso en juicio por abusos"},"content":{"rendered":"\n<p><em>Roma.<\/em>&nbsp;El papa Francisco decidi\u00f3 trasladar un seminario juvenil a las afueras de Ciudad del Vaticano, antes de que un tribunal penal vaticano emita su veredicto en un juicio a un ex seminarista y un ex rector acusados en relaci\u00f3n con supuestos abusos ocurridos all\u00ed.<\/p>\n\n\n\n<p>El Vaticano no mencion\u00f3 el juicio al anunciar el martes el traslado del Preseminario San P\u00edo X a un lugar en Roma a partir de septiembre. El preseminario es residencia para los monaguillos de entre 12 y 18 a\u00f1os de edad que participan en las misas papales en la Bas\u00edlica de San Pedro.<\/p>\n\n\n\n<p>El Vaticano no explic\u00f3 la raz\u00f3n de su decisi\u00f3n, m\u00e1s all\u00e1 de decir que desde hace tiempo la sopesaba y que acercar\u00eda a los chicos a sus actividades recreativas en Roma.<\/p>\n\n\n\n<p>La presencia de dicha residencia dentro del Vaticano se convirti\u00f3 en un escollo legal para la ciudad-Estado luego de que en 2017 un ex seminarista acus\u00f3 a otro de haber abusado sexualmente de su compa\u00f1ero de cuarto en un dormitorio.<\/p>\n\n\n\n<p>La fiscal\u00eda del Vaticano abri\u00f3 una investigaci\u00f3n y el juicio comenz\u00f3 el a\u00f1o pasado. Los fiscales acusan al seminarista, que ahora es sacerdote, de agresi\u00f3n sexual contra un hombre identificado s\u00f3lo como L.G. y al rector de haberlo encubierto. Ambos niegan las acusaciones.<\/p>\n\n\n\n<p>Algunos ocupantes anteriores de la residencia han denunciado que all\u00ed imperaba un ambiente homof\u00f3bico y que los chicos m\u00e1s j\u00f3venes eran intimidados. Otros, sin embargo, han testificado que los j\u00f3venes estaban contentos all\u00ed y que el rector pasaba revista de las habitaciones por la noche y que nunca vio ni escuch\u00f3 indicios de abusos.<\/p>\n\n\n\n<p>La Ciudad del Vaticano es un estado soberano, por lo que sus propias agencias policiales son responsables de investigar cualquier delito en el seminario. La residencia era administrada por una orden religiosa vinculada a la di\u00f3cesis de Como, Italia, lo que complic\u00f3 la determinaci\u00f3n de responsabilidades.<\/p>\n\n\n\n<p>Al trasladar la residencia a territorio italiano, el Vaticano de hecho se distanciar\u00e1 de cualquier responsabilidad por lo que ocurra all\u00ed en el futuro.<\/p>\n\n\n\n<p><strong>Fuente:<\/strong> jornada<\/p>\n","protected":false},"excerpt":{"rendered":"<p>Roma.&nbsp;El papa Francisco decidi\u00f3 trasladar un seminario juvenil a las afueras de Ciudad del Vaticano, antes de que un tribunal penal vaticano emita su veredicto en un juicio a un ex seminarista y un ex rector acusados en relaci\u00f3n con supuestos abusos ocurridos all\u00ed. El Vaticano no mencion\u00f3 el juicio al anunciar el martes el [&hellip;]<\/p>\n","protected":false},"author":2,"featured_media":91169,"comment_status":"open","ping_status":"open","sticky":false,"template":"","format":"standard","meta":{"footnotes":""},"categories":[59],"tags":[],"class_list":["post-91168","post","type-post","status-publish","format-standard","has-post-thumbnail","hentry","category-destacadas"],"_links":{"self":[{"href":"http:\/\/elcuartopoder.com.mx\/nw\/wp-json\/wp\/v2\/posts\/91168","targetHints":{"allow":["GET"]}}],"collection":[{"href":"http:\/\/elcuartopoder.com.mx\/nw\/wp-json\/wp\/v2\/posts"}],"about":[{"href":"http:\/\/elcuartopoder.com.mx\/nw\/wp-json\/wp\/v2\/types\/post"}],"author":[{"embeddable":true,"href":"http:\/\/elcuartopoder.com.mx\/nw\/wp-json\/wp\/v2\/users\/2"}],"replies":[{"embeddable":true,"href":"http:\/\/elcuartopoder.com.mx\/nw\/wp-json\/wp\/v2\/comments?post=91168"}],"version-history":[{"count":1,"href":"http:\/\/elcuartopoder.com.mx\/nw\/wp-json\/wp\/v2\/posts\/91168\/revisions"}],"predecessor-version":[{"id":91170,"href":"http:\/\/elcuartopoder.com.mx\/nw\/wp-json\/wp\/v2\/posts\/91168\/revisions\/91170"}],"wp:featuredmedia":[{"embeddable":true,"href":"http:\/\/elcuartopoder.com.mx\/nw\/wp-json\/wp\/v2\/media\/91169"}],"wp:attachment":[{"href":"http:\/\/elcuartopoder.com.mx\/nw\/wp-json\/wp\/v2\/media?parent=91168"}],"wp:term":[{"taxonomy":"category","embeddable":true,"href":"http:\/\/elcuartopoder.com.mx\/nw\/wp-json\/wp\/v2\/categories?post=91168"},{"taxonomy":"post_tag","embeddable":true,"href":"http:\/\/elcuartopoder.com.mx\/nw\/wp-json\/wp\/v2\/tags?post=91168"}],"curies":[{"name":"wp","href":"https:\/\/api.w.org\/{rel}","templated":true}]}}