{"id":91171,"date":"2021-05-26T15:47:34","date_gmt":"2021-05-26T20:47:34","guid":{"rendered":"http:\/\/elcuartopoder.com.mx\/nw\/?p=91171"},"modified":"2021-05-26T15:47:35","modified_gmt":"2021-05-26T20:47:35","slug":"alito-calla-sobre-el-contrato-a-antonio-sola-llevo-prisa","status":"publish","type":"post","link":"http:\/\/elcuartopoder.com.mx\/nw\/politica\/alito-calla-sobre-el-contrato-a-antonio-sola-llevo-prisa\/","title":{"rendered":"&#8216;Alito&#8217; calla sobre el contrato a Antonio Sola: \u00abllevo prisa\u00bb"},"content":{"rendered":"\n<p><em>Ciudad de M\u00e9xico.<\/em>&nbsp;Para tratar de justificar la contrataci\u00f3n de Antonio Sola y Vladimir de la Torre como asesores contra el presidente Andr\u00e9s Manuel L\u00f3pez Obrador, el dirigente del Partido Revolucionario Institucional (PRI), Alejandro Moreno C\u00e1rdenas,&nbsp;<em>Alito<\/em>, declar\u00f3: \u201c\u00bfCu\u00e1l guerra sucia? Las posiciones respecto del gobierno y Morena son p\u00fablicas. Lo hemos dicho, son una tragedia, son una desgracia para el pa\u00eds\u201d.<\/p>\n\n\n\n<p>A esa postura se sum\u00f3 la declaraci\u00f3n espec\u00edfica del dirigente del Partido Acci\u00f3n Nacional (PAN), quien record\u00f3 la frase que se le atribuye al publicista espa\u00f1ol para la campa\u00f1a presidencial de Felipe Calder\u00f3n en 2006. Marko Cort\u00e9s espet\u00f3: \u201cYa est\u00e1 clar\u00edsimo que (L\u00f3pez Obrador) es un peligro para M\u00e9xico\u201d.<\/p>\n\n\n\n<p>Ambos dirigentes participaron ayer en una larga conferencia de prensa para anunciar la presentaci\u00f3n de una agenda legislativa com\u00fan con el Partido de la Revoluci\u00f3n Democr\u00e1tica, su otro aliado en la coalici\u00f3n Va por M\u00e9xico.<\/p>\n\n\n\n<p>Este lunes,&nbsp;<em>La Jornada<\/em>&nbsp;public\u00f3 que tanto Sola como el cubano Vladimir de la Torre contribuyeron con el discurso que se difunde en redes y propaganda del&nbsp;<em>tricolor<\/em>&nbsp;contra el Presidente de la Rep\u00fablica.<\/p>\n\n\n\n<p>Durante la conferencia, realizada en un hotel frente a la Alameda Central, se le pregunt\u00f3 a Moreno C\u00e1rdenas sobre la \u201cguerra sucia\u201d pri\u00edsta contra el Ejecutivo.<\/p>\n\n\n\n<p>Cort\u00e9s se anticip\u00f3 a la respuesta de&nbsp;<em>Alito<\/em>&nbsp;y record\u00f3 la frase central utilizada en la campa\u00f1a calderonista contra el actual mandatario. Despu\u00e9s, el dirigente pri\u00edsta contest\u00f3 que el gobierno de L\u00f3pez Obrador y Morena \u201cson una tragedia porque no han dado resultados\u201d.<\/p>\n\n\n\n<p>A\u00f1adi\u00f3: \u201cPor la parte del PRI no hay tal \u2018guerra sucia\u2019 de nadie, porque la posici\u00f3n del PRI y de la coalici\u00f3n ha sido p\u00fablica, clara, abierta. Nuestra posici\u00f3n de que M\u00e9xico no va por buen camino. Y del partido Morena, igual\u201d.<\/p>\n\n\n\n<p>No obstante, cuando al final de la conferencia se intent\u00f3 preguntarle que, si no hay tal \u201cguerra sucia\u201d, por qu\u00e9 contrat\u00f3 a Sola y a Vladimir de la Torre para la campa\u00f1a electoral del PRI, Moreno C\u00e1rdenas eludi\u00f3: \u201cLlevo prisa\u201d.<\/p>\n\n\n\n<p><strong>Fuente:<\/strong> jornada<\/p>\n","protected":false},"excerpt":{"rendered":"<p>Ciudad de M\u00e9xico.&nbsp;Para tratar de justificar la contrataci\u00f3n de Antonio Sola y Vladimir de la Torre como asesores contra el presidente Andr\u00e9s Manuel L\u00f3pez Obrador, el dirigente del Partido Revolucionario Institucional (PRI), Alejandro Moreno C\u00e1rdenas,&nbsp;Alito, declar\u00f3: \u201c\u00bfCu\u00e1l guerra sucia? Las posiciones respecto del gobierno y Morena son p\u00fablicas. Lo hemos dicho, son una tragedia, son [&hellip;]<\/p>\n","protected":false},"author":2,"featured_media":91172,"comment_status":"open","ping_status":"open","sticky":false,"template":"","format":"standard","meta":{"footnotes":""},"categories":[61],"tags":[],"class_list":["post-91171","post","type-post","status-publish","format-standard","has-post-thumbnail","hentry","category-politica"],"_links":{"self":[{"href":"http:\/\/elcuartopoder.com.mx\/nw\/wp-json\/wp\/v2\/posts\/91171","targetHints":{"allow":["GET"]}}],"collection":[{"href":"http:\/\/elcuartopoder.com.mx\/nw\/wp-json\/wp\/v2\/posts"}],"about":[{"href":"http:\/\/elcuartopoder.com.mx\/nw\/wp-json\/wp\/v2\/types\/post"}],"author":[{"embeddable":true,"href":"http:\/\/elcuartopoder.com.mx\/nw\/wp-json\/wp\/v2\/users\/2"}],"replies":[{"embeddable":true,"href":"http:\/\/elcuartopoder.com.mx\/nw\/wp-json\/wp\/v2\/comments?post=91171"}],"version-history":[{"count":1,"href":"http:\/\/elcuartopoder.com.mx\/nw\/wp-json\/wp\/v2\/posts\/91171\/revisions"}],"predecessor-version":[{"id":91173,"href":"http:\/\/elcuartopoder.com.mx\/nw\/wp-json\/wp\/v2\/posts\/91171\/revisions\/91173"}],"wp:featuredmedia":[{"embeddable":true,"href":"http:\/\/elcuartopoder.com.mx\/nw\/wp-json\/wp\/v2\/media\/91172"}],"wp:attachment":[{"href":"http:\/\/elcuartopoder.com.mx\/nw\/wp-json\/wp\/v2\/media?parent=91171"}],"wp:term":[{"taxonomy":"category","embeddable":true,"href":"http:\/\/elcuartopoder.com.mx\/nw\/wp-json\/wp\/v2\/categories?post=91171"},{"taxonomy":"post_tag","embeddable":true,"href":"http:\/\/elcuartopoder.com.mx\/nw\/wp-json\/wp\/v2\/tags?post=91171"}],"curies":[{"name":"wp","href":"https:\/\/api.w.org\/{rel}","templated":true}]}}