{"id":91280,"date":"2021-05-30T20:44:30","date_gmt":"2021-05-31T01:44:30","guid":{"rendered":"http:\/\/elcuartopoder.com.mx\/nw\/?p=91280"},"modified":"2021-05-30T20:44:31","modified_gmt":"2021-05-31T01:44:31","slug":"la-visita-de-kamala-harris-a-mexico","status":"publish","type":"post","link":"http:\/\/elcuartopoder.com.mx\/nw\/politica\/la-visita-de-kamala-harris-a-mexico\/","title":{"rendered":"La visita de Kamala Harris a M\u00e9xico"},"content":{"rendered":"\n<p>El hecho de que Donald Trump ya no viva en la Casa Blanca no ha implicado que Dem\u00f3cratas y Republicanos hayan encontrado m\u00e1s espacios de di\u00e1logo, o que se haya generado un esp\u00edritu de trabajo m\u00e1s harmonioso entre ellos. El tema migratorio refleja esta realidad de cuerpo completo.<\/p>\n\n\n\n<p>Desde la perspectiva Republicana, las acciones que ha tomado el Presidente Biden para desmantelar las medidas contra la migraci\u00f3n impuestas por Donald Trump han generado una crisis en la frontera con M\u00e9xico, debido a que promueven indirectamente que m\u00e1s personas intenten llegar a Estados Unidos sin documentos: la Oficina de Aduanas y Protecci\u00f3n Fronteriza (CBP) calcula un incremento de 70% en los intentos de cruces ilegales en abril del 2021.<\/p>\n\n\n\n<p>Por su parte, el ala m\u00e1s progresista de los Dem\u00f3cratas, que siempre han tenido una postura m\u00e1s tolerante, desean impulsar medidas incluso m\u00e1s ambiciosas a las que el Presidente Biden ya est\u00e1 implementando, como ser\u00eda la no criminalizaci\u00f3n de los cruces ilegales, adem\u00e1s de ofrecer servicios de salud a personas que ya se encuentren en el pa\u00eds, independientemente de su estatus migratorio.&nbsp;<\/p>\n\n\n\n<p>Es en este contexto que hace unos d\u00edas se confirm\u00f3 que Kamala Harris, la Vicepresidenta de Estados Unidos, realizar\u00e1 una visita de trabajo a M\u00e9xico y Guatemala el pr\u00f3ximo 7 y 8 de junio, precisamente para analizar el tema migratorio. La visita de la Vicepresidenta a M\u00e9xico es fundamental para la Casa Blanca, ya que para avanzar en cualquier direcci\u00f3n en el tema migratorio, es claro que Estados Unidos necesita la cooperaci\u00f3n de nuestro pa\u00eds.&nbsp;<\/p>\n\n\n\n<p>Creo que el primer objetivo de la visita debe ser contribuir a cambiar la narrativa y la percepci\u00f3n del tema en M\u00e9xico. Si Donald Trump oblig\u00f3 a M\u00e9xico a desplegar a la Guardia Nacional en la frontera sur, so pena de enfrentar aranceles a nuestras exportaciones, el Presidente Biden debe de promover la cooperaci\u00f3n migratoria como un ejercicio ganar \u2013 ganar para ambos pa\u00edses.<\/p>\n\n\n\n<p>El Presidente Andr\u00e9s Manuel L\u00f3pez Obrador ha insistido en que se deben atacar las ra\u00edces econ\u00f3micas del fen\u00f3meno migratorio. M\u00e9xico puede promover que Estados Unidos adopte tambi\u00e9n este eje como parte de su agenda migratoria. Se podr\u00eda, por ejemplo, ampliar el financiamiento para proyectos productivos en la regi\u00f3n que tengan v\u00ednculos con M\u00e9xico y con Estados Unidos, utilizando mecanismos como el Banco Interamericano de Desarrollo.<\/p>\n\n\n\n<p>Los beneficios econ\u00f3micos de este tipo de esquemas podr\u00edan ser amplificados a\u00fan m\u00e1s cuando consideramos que las cadenas de suministro se est\u00e1n reacomodando a nivel mundial, y que algunas empresas desean tener fuentes de producci\u00f3n mucho m\u00e1s cercanas al mercado estadounidense. El sur de M\u00e9xico y Centroam\u00e9rica est\u00e1n en el lugar ideal para aprovechar estos nuevos patrones, tanto geogr\u00e1ficamente como comercialmente.&nbsp;<\/p>\n\n\n\n<p>Aunque no ser\u00e1 el tema principal del viaje, creo que la Vicepresidenta Harris tambi\u00e9n debe insistir ante M\u00e9xico que el cumplimiento irrestricto y sin cortapisas del T-MEC es una condici\u00f3n necesaria para avanzar en estos temas. La econom\u00eda puede apoyar a la migraci\u00f3n, pero \u00e9sta no puede funcionar si no se respetan las reglas del juego,y si no se ofrece la confianza necesaria para que los operadores econ\u00f3micos realicen sus actividades.<\/p>\n\n\n\n<p>Desde cualquier perspectiva, la visita de la Vicepresidenta tendr\u00e1 una importancia capital para la relaci\u00f3n M\u00e9xico \u2013 Estados Unidos y para encauzar los trabajos de la agenda bilateral en los pr\u00f3ximos a\u00f1os.&nbsp;<\/p>\n\n\n\n<p>*Juan Carlos Baker\u00a0es acad\u00e9mico de la Universidad Panamericana; previo a eso, desarroll\u00f3 una carrera de veinte a\u00f1os en el gobierno federal en temas de negociaciones comerciales internacionales.\u00a0<\/p>\n\n\n\n<p><strong>Fuente:<\/strong> eleconomista<\/p>\n","protected":false},"excerpt":{"rendered":"<p>El hecho de que Donald Trump ya no viva en la Casa Blanca no ha implicado que Dem\u00f3cratas y Republicanos hayan encontrado m\u00e1s espacios de di\u00e1logo, o que se haya generado un esp\u00edritu de trabajo m\u00e1s harmonioso entre ellos. El tema migratorio refleja esta realidad de cuerpo completo. Desde la perspectiva Republicana, las acciones que [&hellip;]<\/p>\n","protected":false},"author":2,"featured_media":91281,"comment_status":"open","ping_status":"open","sticky":false,"template":"","format":"standard","meta":{"footnotes":""},"categories":[61],"tags":[],"class_list":["post-91280","post","type-post","status-publish","format-standard","has-post-thumbnail","hentry","category-politica"],"_links":{"self":[{"href":"http:\/\/elcuartopoder.com.mx\/nw\/wp-json\/wp\/v2\/posts\/91280","targetHints":{"allow":["GET"]}}],"collection":[{"href":"http:\/\/elcuartopoder.com.mx\/nw\/wp-json\/wp\/v2\/posts"}],"about":[{"href":"http:\/\/elcuartopoder.com.mx\/nw\/wp-json\/wp\/v2\/types\/post"}],"author":[{"embeddable":true,"href":"http:\/\/elcuartopoder.com.mx\/nw\/wp-json\/wp\/v2\/users\/2"}],"replies":[{"embeddable":true,"href":"http:\/\/elcuartopoder.com.mx\/nw\/wp-json\/wp\/v2\/comments?post=91280"}],"version-history":[{"count":1,"href":"http:\/\/elcuartopoder.com.mx\/nw\/wp-json\/wp\/v2\/posts\/91280\/revisions"}],"predecessor-version":[{"id":91282,"href":"http:\/\/elcuartopoder.com.mx\/nw\/wp-json\/wp\/v2\/posts\/91280\/revisions\/91282"}],"wp:featuredmedia":[{"embeddable":true,"href":"http:\/\/elcuartopoder.com.mx\/nw\/wp-json\/wp\/v2\/media\/91281"}],"wp:attachment":[{"href":"http:\/\/elcuartopoder.com.mx\/nw\/wp-json\/wp\/v2\/media?parent=91280"}],"wp:term":[{"taxonomy":"category","embeddable":true,"href":"http:\/\/elcuartopoder.com.mx\/nw\/wp-json\/wp\/v2\/categories?post=91280"},{"taxonomy":"post_tag","embeddable":true,"href":"http:\/\/elcuartopoder.com.mx\/nw\/wp-json\/wp\/v2\/tags?post=91280"}],"curies":[{"name":"wp","href":"https:\/\/api.w.org\/{rel}","templated":true}]}}