{"id":91294,"date":"2021-05-31T12:25:10","date_gmt":"2021-05-31T17:25:10","guid":{"rendered":"http:\/\/elcuartopoder.com.mx\/nw\/?p=91294"},"modified":"2021-05-31T12:25:12","modified_gmt":"2021-05-31T17:25:12","slug":"juez-cabeza-de-vaca-si-puede-ser-procesado-aun-si-es-gobernador","status":"publish","type":"post","link":"http:\/\/elcuartopoder.com.mx\/nw\/politica\/juez-cabeza-de-vaca-si-puede-ser-procesado-aun-si-es-gobernador\/","title":{"rendered":"Juez: Cabeza de Vaca s\u00ed puede ser procesado aun si es Gobernador"},"content":{"rendered":"\n<p>El&nbsp;<strong>Congreso de Tamaulipas<\/strong>&nbsp;s\u00f3lo puede definir si el Gobernador&nbsp;<strong>Francisco Javier Garc\u00eda Cabeza de Vaca<\/strong>&nbsp;es separado de su cargo, pero no puede definir si&nbsp;<strong>enfrenta<\/strong>&nbsp;o no el proceso penal,&nbsp;\u201cal cual puede ser vinculado a\u00fan en s<strong>us funciones<\/strong>\u201d, de acuerdo con la resoluci\u00f3n del Juez&nbsp;<strong>Aar\u00f3n Iv\u00e1n Zefer\u00edn Hern\u00e1ndez<\/strong>, citada por el periodista Abel Barajas de&nbsp;<em>Reforma.<\/em><\/p>\n\n\n\n<p>Zefer\u00edn Hern\u00e1ndez, Juez de control del Centro de Justicia Penal Federal de Almoloya de Ju\u00e1rez, Estado de M\u00e9xico, fue el encargado de ordenar una orden de aprehensi\u00f3n contra Cabeza de Vaca por delincuencia organizada y lavado de dinero.<\/p>\n\n\n\n<p>El Juez concluy\u00f3 lo&nbsp;anterior con base en una interpretaci\u00f3n de un criterio de la Suprema Corte de Justicia de la Naci\u00f3n de 2016 y de la Ley Federal de Responsabilidades de Servidores P\u00fablicos (LFRSP), se\u00f1ala Abel Barajas en&nbsp;<em>Reforma.<\/em><\/p>\n\n\n\n<p>\u201cDicho de ese modo, el efecto dado a la legislatura estatal, cuando se ha determinado dar lugar la procedencia de retirar la protecci\u00f3n constitucional a un titular del ejecutivo estatal, es para el efecto de que aquella decida si ser\u00e1 o no separado de su encargo, mientras est\u00e9 sujeto a proceso penal (pues atendiendo al caso concreto, podr\u00eda decidir no separarlo del cargo y que \u00e9ste enfrente el proceso penal ostentando dicho cargo)\u201d, dice el mandato judicial citado por el diario nacional.<\/p>\n\n\n\n<figure class=\"wp-block-image\"><img decoding=\"async\" src=\"https:\/\/i0.wp.com\/sinembargo.mx\/wp-content\/uploads\/2021\/05\/cuartoscuro_667726_digital.jpeg\" alt=\"\" class=\"wp-image-3981705\"\/><figcaption> Cabeza de Vaca. Foto: Cuartoscuro. <\/figcaption><\/figure>\n\n\n\n<p><\/p>\n\n\n\n<p>\u201cEs por ello que -desde el criterio de este juez- la comunicaci\u00f3n a la autoridad legislativa local se limita llanamente en constituir la notificaci\u00f3n formal a favor de la Entidad Federativa de la decisi\u00f3n final sobre la declaratoria de procedencia sobre uno de sus servidores p\u00fablicos locales, m\u00e1s no en concederle potestad pol\u00edtica o jur\u00eddica para aceptar o no la decisi\u00f3n, pues \u00e9sta, como cualquier auto autoritativo, debe de satisfacerse y cumplirse en sus estrictos t\u00e9rminos\u201d, a\u00f1ade.<\/p>\n\n\n\n<p>Esta semana, un Juez mexicano suspendi\u00f3 de manera cautelar la orden de captura en contra del Gobernador del norte\u00f1o estado de Tamaulipas, Francisco Garc\u00eda Cabeza de Vaca, acusado de delincuencia organizada y lavado de dinero, inform\u00f3 este martes el Consejo de la Judicatura Federal.<\/p>\n\n\n\n<p>\u201cSe decreta la interrupci\u00f3n de la ejecuci\u00f3n de cualquier mandato de captura girado en su contra, por lo que el citado agraviado no deber\u00e1 ser privado de su libertad personal, hasta en tanto se resuelva lo que proceda en la suspensi\u00f3n definitiva\u201d, notific\u00f3 el lunes el Juez octavo de distrito de Tamaulipas.<\/p>\n\n\n\n<p>El pasado 19 de mayo, un Juez emiti\u00f3 una orden de captura en contra de Garc\u00eda Cabeza de Vaca, a petici\u00f3n de la Fiscal\u00eda General de la Rep\u00fablica, y el Instituto Nacional de Migraci\u00f3n lanz\u00f3 una alerta migratoria para hallar el gobernador, quien se presupon\u00eda en Estados Unidos.<\/p>\n\n\n\n<p>Sin embargo, Garc\u00eda Cabeza de Vaca reapareci\u00f3 el lunes en una reuni\u00f3n de trabajo con su gabinete en la sede del Gobierno de Tamaulipas.<\/p>\n\n\n\n<figure class=\"wp-block-image\"><img decoding=\"async\" src=\"https:\/\/i0.wp.com\/sinembargo.mx\/wp-content\/uploads\/2021\/05\/cuartoscuro_623551_digital.jpeg\" alt=\"\" class=\"wp-image-3981706\"\/><figcaption> Cabeza de Vaca. Foto: Cuartoscuro. <\/figcaption><\/figure>\n\n\n\n<p><\/p>\n\n\n\n<p>Ante el amparo interpuesto por el gobernador, el juez estim\u00f3 que Garc\u00eda Cabeza de Vaca mantiene \u201cla protecci\u00f3n o inmunidad procesal penal que la propia Constituci\u00f3n Pol\u00edtica del Estado de Tamaulipas le otorga\u201d.<\/p>\n\n\n\n<p>Para que entre en vigor la suspensi\u00f3n temporal de la orden de captura, el juez fij\u00f3 una fianza de 100.000 pesos (unos 5.000 d\u00f3lares) al gobernador.<\/p>\n\n\n\n<p>Tambi\u00e9n convoc\u00f3 a una nueva audiencia para el 7 de junio en la que se decidir\u00e1 si se suspende la orden de captura de manera definitiva.<\/p>\n\n\n\n<p>El gobernador de Tamaulipas, del opositor y derechista Partido Acci\u00f3n Nacional (PAN), fue denunciado ante la Fiscal\u00eda por la Unidad de Inteligencia Financiera del Gobierno federal, que lo acusa de lavar dinero mediante la compraventa de un lujoso apartamento.<\/p>\n\n\n\n<p>Su caso se ha convertido en un problema jur\u00eddico, ya que la C\u00e1mara de Diputados de M\u00e9xico aprob\u00f3 en d\u00edas pasados levantar la inmunidad judicial del gobernador para permitir que fuera procesado, pero el Congreso de Tamaulipas vot\u00f3 a favor de mantener su fuero.<\/p>\n\n\n\n<p>Sin que la Suprema Corte de Justicia aclarara la situaci\u00f3n jur\u00eddica en la que qued\u00f3 Garc\u00eda Cabeza de Vaca, la Fiscal\u00eda obtuvo la orden de captura de parte de un juez.<\/p>\n\n\n\n<p>El gobernador denunci\u00f3 que dicha orden de captura obedece a \u201cmotivos pol\u00edticos\u201d y \u201cse tom\u00f3 en el Palacio Nacional\u201d, residencia del presidente de M\u00e9xico, Andr\u00e9s Manuel L\u00f3pez Obrador.<\/p>\n\n\n\n<p>La Suprema Corte de Justicia inform\u00f3 el lunes que analizar\u00e1 si se admite o no un nuevo recurso constitucional promovido por el Congreso de Tamaulipas.<\/p>\n\n\n\n<p><strong>Fuente:<\/strong> sinembargo<\/p>\n","protected":false},"excerpt":{"rendered":"<p>El&nbsp;Congreso de Tamaulipas&nbsp;s\u00f3lo puede definir si el Gobernador&nbsp;Francisco Javier Garc\u00eda Cabeza de Vaca&nbsp;es separado de su cargo, pero no puede definir si&nbsp;enfrenta&nbsp;o no el proceso penal,&nbsp;\u201cal cual puede ser vinculado a\u00fan en sus funciones\u201d, de acuerdo con la resoluci\u00f3n del Juez&nbsp;Aar\u00f3n Iv\u00e1n Zefer\u00edn Hern\u00e1ndez, citada por el periodista Abel Barajas de&nbsp;Reforma. Zefer\u00edn Hern\u00e1ndez, Juez de [&hellip;]<\/p>\n","protected":false},"author":2,"featured_media":91295,"comment_status":"open","ping_status":"open","sticky":false,"template":"","format":"standard","meta":{"footnotes":""},"categories":[61],"tags":[],"class_list":["post-91294","post","type-post","status-publish","format-standard","has-post-thumbnail","hentry","category-politica"],"_links":{"self":[{"href":"http:\/\/elcuartopoder.com.mx\/nw\/wp-json\/wp\/v2\/posts\/91294","targetHints":{"allow":["GET"]}}],"collection":[{"href":"http:\/\/elcuartopoder.com.mx\/nw\/wp-json\/wp\/v2\/posts"}],"about":[{"href":"http:\/\/elcuartopoder.com.mx\/nw\/wp-json\/wp\/v2\/types\/post"}],"author":[{"embeddable":true,"href":"http:\/\/elcuartopoder.com.mx\/nw\/wp-json\/wp\/v2\/users\/2"}],"replies":[{"embeddable":true,"href":"http:\/\/elcuartopoder.com.mx\/nw\/wp-json\/wp\/v2\/comments?post=91294"}],"version-history":[{"count":1,"href":"http:\/\/elcuartopoder.com.mx\/nw\/wp-json\/wp\/v2\/posts\/91294\/revisions"}],"predecessor-version":[{"id":91296,"href":"http:\/\/elcuartopoder.com.mx\/nw\/wp-json\/wp\/v2\/posts\/91294\/revisions\/91296"}],"wp:featuredmedia":[{"embeddable":true,"href":"http:\/\/elcuartopoder.com.mx\/nw\/wp-json\/wp\/v2\/media\/91295"}],"wp:attachment":[{"href":"http:\/\/elcuartopoder.com.mx\/nw\/wp-json\/wp\/v2\/media?parent=91294"}],"wp:term":[{"taxonomy":"category","embeddable":true,"href":"http:\/\/elcuartopoder.com.mx\/nw\/wp-json\/wp\/v2\/categories?post=91294"},{"taxonomy":"post_tag","embeddable":true,"href":"http:\/\/elcuartopoder.com.mx\/nw\/wp-json\/wp\/v2\/tags?post=91294"}],"curies":[{"name":"wp","href":"https:\/\/api.w.org\/{rel}","templated":true}]}}