{"id":91337,"date":"2021-06-01T12:36:22","date_gmt":"2021-06-01T17:36:22","guid":{"rendered":"http:\/\/elcuartopoder.com.mx\/nw\/?p=91337"},"modified":"2021-06-01T12:36:24","modified_gmt":"2021-06-01T17:36:24","slug":"el-vaticano-introduce-el-delito-de-pedofilia-en-el-codigo-de-derecho-canonico","status":"publish","type":"post","link":"http:\/\/elcuartopoder.com.mx\/nw\/varios\/el-vaticano-introduce-el-delito-de-pedofilia-en-el-codigo-de-derecho-canonico\/","title":{"rendered":"El Vaticano introduce el delito de pedofilia en el C\u00f3digo de Derecho Can\u00f3nico"},"content":{"rendered":"\n<p>El&nbsp;<strong>Vaticano<\/strong>&nbsp;introdujo en el&nbsp;<strong>C\u00f3digo de Derecho Can\u00f3nico<\/strong>&nbsp;un art\u00edculo que contempla la&nbsp;<strong>pedofilia<\/strong>&nbsp;y espec\u00edficamente los delitos de abusos contra menores cometidos por sacerdotes, una medida exigida por las v\u00edctimas.<\/p>\n\n\n\n<p>A partir de este martes el delito contra menores queda tipificado en la nueva versi\u00f3n del C\u00f3digo en un canon espec\u00edfico.<\/p>\n\n\n\n<p>Seg\u00fan la reforma del&nbsp;<strong>C\u00f3digo de Derecho Can\u00f3nico<\/strong>&nbsp;anunciada por el&nbsp;<strong>Vaticano<\/strong>, se ampl\u00edan los periodos de prescripci\u00f3n y se indemniza a las v\u00edctimas.<\/p>\n\n\n\n<p>El&nbsp;<strong>papa Francisco<\/strong>&nbsp;quiso revisar la disciplina penal con el fin de agilizar y endurecer las penas contra los sacerdotes que abusan sexualmente de menores con el fin de erradicar uno de los fen\u00f3menos que m\u00e1s ha desacreditado a la Iglesia cat\u00f3lica.<\/p>\n\n\n\n<p>En un documento, firmado por el papa el 23 de mayo, el papa argentino, que prometi\u00f3 tolerancia cero ante la pederastia de los curas, reconoci\u00f3 los da\u00f1os causados y espera que al tipificar el delito se logre \u00abprevenir males mayores y sanar las heridas causadas por la debilidad humana\u00bb.<\/p>\n\n\n\n<p>Se modifica por lo tanto el&nbsp;<strong>C\u00f3digo de Derecho Can\u00f3nico<\/strong>&nbsp;promulgado por el papa&nbsp;<strong>Juan Pablo II<\/strong>&nbsp;el 25 de enero de 1983.<\/p>\n\n\n\n<p>Por lo tanto, los delitos contra menores por parte de sacerdotes ser\u00e1n considerados por la secci\u00f3n titulada \u00abDelitos contra la vida, la dignidad y la libertad humana\u00bb e incluir\u00e1 ahora \u00abel delito contra el sexto mandamiento del Dec\u00e1logo con un menor o una persona habitualmente afectada por el uso imperfecto de la raz\u00f3n o con una persona a quien el la ley reconoce una protecci\u00f3n similar\u00bb.<\/p>\n\n\n\n<p>Tambi\u00e9n ser\u00e1 sancionado el sacerdote que induzca a un menor a \u00abparticipar en exhibiciones pornogr\u00e1ficas\u00bb o que conserve im\u00e1genes de pornograf\u00eda infantil (sanci\u00f3n que puede llegar a la expulsi\u00f3n de la Iglesia).<\/p>\n\n\n\n<p><strong>Fuente: <\/strong>eleconomista<\/p>\n","protected":false},"excerpt":{"rendered":"<p>El&nbsp;Vaticano&nbsp;introdujo en el&nbsp;C\u00f3digo de Derecho Can\u00f3nico&nbsp;un art\u00edculo que contempla la&nbsp;pedofilia&nbsp;y espec\u00edficamente los delitos de abusos contra menores cometidos por sacerdotes, una medida exigida por las v\u00edctimas. A partir de este martes el delito contra menores queda tipificado en la nueva versi\u00f3n del C\u00f3digo en un canon espec\u00edfico. Seg\u00fan la reforma del&nbsp;C\u00f3digo de Derecho Can\u00f3nico&nbsp;anunciada por [&hellip;]<\/p>\n","protected":false},"author":2,"featured_media":91338,"comment_status":"open","ping_status":"open","sticky":false,"template":"","format":"standard","meta":{"footnotes":""},"categories":[64],"tags":[],"class_list":["post-91337","post","type-post","status-publish","format-standard","has-post-thumbnail","hentry","category-varios"],"_links":{"self":[{"href":"http:\/\/elcuartopoder.com.mx\/nw\/wp-json\/wp\/v2\/posts\/91337","targetHints":{"allow":["GET"]}}],"collection":[{"href":"http:\/\/elcuartopoder.com.mx\/nw\/wp-json\/wp\/v2\/posts"}],"about":[{"href":"http:\/\/elcuartopoder.com.mx\/nw\/wp-json\/wp\/v2\/types\/post"}],"author":[{"embeddable":true,"href":"http:\/\/elcuartopoder.com.mx\/nw\/wp-json\/wp\/v2\/users\/2"}],"replies":[{"embeddable":true,"href":"http:\/\/elcuartopoder.com.mx\/nw\/wp-json\/wp\/v2\/comments?post=91337"}],"version-history":[{"count":1,"href":"http:\/\/elcuartopoder.com.mx\/nw\/wp-json\/wp\/v2\/posts\/91337\/revisions"}],"predecessor-version":[{"id":91339,"href":"http:\/\/elcuartopoder.com.mx\/nw\/wp-json\/wp\/v2\/posts\/91337\/revisions\/91339"}],"wp:featuredmedia":[{"embeddable":true,"href":"http:\/\/elcuartopoder.com.mx\/nw\/wp-json\/wp\/v2\/media\/91338"}],"wp:attachment":[{"href":"http:\/\/elcuartopoder.com.mx\/nw\/wp-json\/wp\/v2\/media?parent=91337"}],"wp:term":[{"taxonomy":"category","embeddable":true,"href":"http:\/\/elcuartopoder.com.mx\/nw\/wp-json\/wp\/v2\/categories?post=91337"},{"taxonomy":"post_tag","embeddable":true,"href":"http:\/\/elcuartopoder.com.mx\/nw\/wp-json\/wp\/v2\/tags?post=91337"}],"curies":[{"name":"wp","href":"https:\/\/api.w.org\/{rel}","templated":true}]}}