{"id":91346,"date":"2021-06-01T12:55:35","date_gmt":"2021-06-01T17:55:35","guid":{"rendered":"http:\/\/elcuartopoder.com.mx\/nw\/?p=91346"},"modified":"2021-06-01T12:55:37","modified_gmt":"2021-06-01T17:55:37","slug":"quintana-roo-ordena-cierre-de-negocios-a-las-23-horas-para-reducir-contagios-de-covid","status":"publish","type":"post","link":"http:\/\/elcuartopoder.com.mx\/nw\/qtp\/quintana-roo-ordena-cierre-de-negocios-a-las-23-horas-para-reducir-contagios-de-covid\/","title":{"rendered":"Quintana Roo ordena cierre de negocios a las 23 horas para reducir contagios de COVID"},"content":{"rendered":"\n<p>\u201cNuestro principal objetivo es salvar vidas\u201d, afirm\u00f3 el gobernador Carlos Joaqu\u00edn Gonz\u00e1lez al presentar una serie de medidas, que incluyen el&nbsp;<strong>cierre de negocios en Canc\u00fan a las 23 horas<\/strong>; a fin de reducir el&nbsp;<strong>aumento de contagios de COVID<\/strong>&nbsp;en Quintana Roo.<\/p>\n\n\n\n<p>A trav\u00e9s de sus redes sociales, el mandatario afirm\u00f3 que el estado presenta desde hace semanas un&nbsp;<strong>incremento importante en el n\u00famero de contagios&nbsp;<\/strong>coronavirus, situaci\u00f3n que afortunadamente, no se ha presentado en la ocupaci\u00f3n hospitalaria y el n\u00famero de defunciones, que no ha crecido en la misma proporci\u00f3n.<\/p>\n\n\n\n<blockquote class=\"wp-block-quote is-layout-flow wp-block-quote-is-layout-flow\"><p>\u201cEvitemos el confinamiento, como ocurri\u00f3 en 2020. Seamos conscientes de la realidad que atravesamos y con el compromiso que cada uno tiene con su familia y su comunidad. Estamos en un momento crucial: lo que hagamos, se ver\u00e1 reflejado en lo que suceder\u00e1 las pr\u00f3ximas semanas\u201d.<\/p><\/blockquote>\n\n\n\n<p>Por ello, y con el fin de encontrar un equilibrio entre la recuperaci\u00f3n econ\u00f3mica y el cuidado de la salud, el gobernador present\u00f3 estas&nbsp;<strong>10 medidas que se comenzar a aplicar<\/strong>&nbsp;<strong>a partir de ma\u00f1ana 1 de junio de 2021:<\/strong><\/p>\n\n\n\n<h2 class=\"wp-block-heading\"><strong>Disminuci\u00f3n de la movilidad<\/strong><\/h2>\n\n\n\n<ul class=\"wp-block-list\"><li>En las ciudades de Canc\u00fan, Playa del Carmen y Tulum, se establecer\u00e1 el cierre de vialidades y avenidas principales.<\/li><li>Se limitar\u00e1 la circulaci\u00f3n de veh\u00edculos y personas entre la medianoche y las 5 horas.<\/li><\/ul>\n\n\n\n<p>En&nbsp;<strong>Benito Ju\u00e1rez ser\u00e1<\/strong>:<\/p>\n\n\n\n<ul class=\"wp-block-list\"><li>en la avenida Huayac\u00e1n (de Rodrigo G\u00f3mez a Libramiento Aeropuerto),<\/li><li>en la avenida 135 en el entronque con Huayacan.<\/li><li>En la avenida Bonamapak de la avenida L\u00f3pez Portillo a Carretera Tulum-Canc\u00fan.<\/li><li>Avenida Sayil de la carretera Tulum a Antonio Savignac, y&nbsp;<\/li><li>en el Crucero de la avenida Uxmal a la avenida Bonampak.<\/li><\/ul>\n\n\n\n<p>En el&nbsp;<strong>municipio de Tulum<\/strong>&nbsp;el cierre ser\u00e1 en la zona hotelera y en Centauro.<\/p>\n\n\n\n<h2 class=\"wp-block-heading\"><strong>Mayor vigilancia sobre el transporte p\u00fablico<\/strong><\/h2>\n\n\n\n<ul class=\"wp-block-list\"><li>Se vigilar\u00e1 que el transporte cumpla con los protocolos y aforos establecidos.<\/li><li>Pasajeros porten adecuadamente el cubrebocas.<\/li><li>Se vigilar\u00e1 que las unidades y paraderos sean sanitizados.<\/li><li>En caso de incumplimiento, los veh\u00edculos ser\u00e1n retenidos hasta por 30 d\u00edas, e incluso, la p\u00e9rdida de la concesi\u00f3n.<\/li><li>Respecto a los barcos, se deber\u00e1n sanitizar antes de cada corrida y uso correcto de cubrebocas y sana distancia.<\/li><li>Cuidado de la sana distancia en las terminales mar\u00edtimas.<\/li><\/ul>\n\n\n\n<h2 class=\"wp-block-heading\"><strong>Incremento de las pruebas COVID<\/strong><\/h2>\n\n\n\n<p>A partir de ma\u00f1ana 1 de junio, se establecer\u00e1n en Canc\u00fan m\u00f3dulos para realizar pruebas COVID en 10 puntos donde se registra mayor concentraci\u00f3n de personas y veh\u00edculos, como paraderos, plazas comerciales y colonias.<\/p>\n\n\n\n<h2 class=\"wp-block-heading\"><strong>Horario de cierre de negocios<\/strong><\/h2>\n\n\n\n<ul class=\"wp-block-list\"><li>Todos los negocios y comercios cerrar\u00e1n a m\u00e1s tardar a las 23 horas, en la zona norte de Quintana Roo.<\/li><li>En caso de incumplimiento, se impondr\u00e1n multas, clausuras y revocaci\u00f3n de licencias.<\/li><\/ul>\n\n\n\n<h2 class=\"wp-block-heading\"><strong>Fortalecer la vacunaci\u00f3n<\/strong><\/h2>\n\n\n\n<ul class=\"wp-block-list\"><li>Habr\u00e1 m\u00e1s vacunas contra la COVID en Quintana Roo, a partir de esta misma semana.<\/li><\/ul>\n\n\n\n<h2 class=\"wp-block-heading\"><strong>Impulso de herramientas tecnol\u00f3gicas<\/strong><\/h2>\n\n\n\n<ul class=\"wp-block-list\"><li>A trav\u00e9s de internet y otras plataformas, se dar\u00e1 a conocer la informaci\u00f3n sobre el estado de la pandemia.<\/li><li>A trav\u00e9s del portal&nbsp;<a href=\"http:\/\/www.juntosevitemoselrojo.com\/\">www.juntosevitemoselrojo.com<\/a>&nbsp;se tomar\u00e1 informaci\u00f3n para crear nuevas medidas preventivas.<\/li><\/ul>\n\n\n\n<h2 class=\"wp-block-heading\"><strong>Se\u00f1alizaci\u00f3n de puntos de alto contagio<\/strong><\/h2>\n\n\n\n<ul class=\"wp-block-list\"><li>Se ubicar\u00e1n y se\u00f1alizar\u00e1n las zonas con alto n\u00famero de contagios.<\/li><li>A trav\u00e9s del&nbsp;<a href=\"https:\/\/geoportal.qroo.gob.mx\/COVID-19\/ACTIVOSPORCOLONIA\" target=\"_blank\" rel=\"noreferrer noopener\">geoportal<\/a>&nbsp;se dar\u00e1 a conocer el estado de la pandemia.<\/li><\/ul>\n\n\n\n<h2 class=\"wp-block-heading\"><strong>Evitar fiestas y reuniones sociales<\/strong><\/h2>\n\n\n\n<p>Se intensificar\u00e1n operativos para evitar y sancionar fiestas en domicilios particulares o eventos privados que excedan las limitantes que establecer el sem\u00e1foro epidemiol\u00f3gico.<\/p>\n\n\n\n<h2 class=\"wp-block-heading\"><strong>Cuidado de la salud en campa\u00f1as pol\u00edticas<\/strong><\/h2>\n\n\n\n<p>Se llama a los partidos pol\u00edticos y candidatos para evitar aglomeraciones durante sus m\u00edtines.<\/p>\n\n\n\n<h2 class=\"wp-block-heading\"><strong>Trabajo con los municipios<\/strong><\/h2>\n\n\n\n<p>Se exhorta a los ayuntamientos a que cumplan con las medidas establecidas para el cuidado de los ciudadanos.<\/p>\n\n\n\n<blockquote class=\"wp-block-quote is-layout-flow wp-block-quote-is-layout-flow\"><p>\u201cQue quede claro, esto es serio: el futuro de todos los quintanarroenses depende del cumplimiento estricto de estas medidas\u201d,<\/p><\/blockquote>\n\n\n\n<p>concluy\u00f3 el gobernador.<\/p>\n\n\n\n<figure><iframe loading=\"lazy\" src=\"https:\/\/www.facebook.com\/plugins\/video.php?href=https%3A%2F%2Fwww.facebook.com%2FCarlos.Joaquin%2Fvideos%2F323265272499288%2F&amp;show_text=0&amp;width=560\" width=\"560\" height=\"315\" allowfullscreen=\"true\"><\/iframe><\/figure>\n","protected":false},"excerpt":{"rendered":"<p>\u201cNuestro principal objetivo es salvar vidas\u201d, afirm\u00f3 el gobernador Carlos Joaqu\u00edn Gonz\u00e1lez al presentar una serie de medidas, que incluyen el&nbsp;cierre de negocios en Canc\u00fan a las 23 horas; a fin de reducir el&nbsp;aumento de contagios de COVID&nbsp;en Quintana Roo. A trav\u00e9s de sus redes sociales, el mandatario afirm\u00f3 que el estado presenta desde hace [&hellip;]<\/p>\n","protected":false},"author":2,"featured_media":91347,"comment_status":"open","ping_status":"open","sticky":false,"template":"","format":"standard","meta":{"footnotes":""},"categories":[58],"tags":[],"class_list":["post-91346","post","type-post","status-publish","format-standard","has-post-thumbnail","hentry","category-qtp"],"_links":{"self":[{"href":"http:\/\/elcuartopoder.com.mx\/nw\/wp-json\/wp\/v2\/posts\/91346","targetHints":{"allow":["GET"]}}],"collection":[{"href":"http:\/\/elcuartopoder.com.mx\/nw\/wp-json\/wp\/v2\/posts"}],"about":[{"href":"http:\/\/elcuartopoder.com.mx\/nw\/wp-json\/wp\/v2\/types\/post"}],"author":[{"embeddable":true,"href":"http:\/\/elcuartopoder.com.mx\/nw\/wp-json\/wp\/v2\/users\/2"}],"replies":[{"embeddable":true,"href":"http:\/\/elcuartopoder.com.mx\/nw\/wp-json\/wp\/v2\/comments?post=91346"}],"version-history":[{"count":1,"href":"http:\/\/elcuartopoder.com.mx\/nw\/wp-json\/wp\/v2\/posts\/91346\/revisions"}],"predecessor-version":[{"id":91348,"href":"http:\/\/elcuartopoder.com.mx\/nw\/wp-json\/wp\/v2\/posts\/91346\/revisions\/91348"}],"wp:featuredmedia":[{"embeddable":true,"href":"http:\/\/elcuartopoder.com.mx\/nw\/wp-json\/wp\/v2\/media\/91347"}],"wp:attachment":[{"href":"http:\/\/elcuartopoder.com.mx\/nw\/wp-json\/wp\/v2\/media?parent=91346"}],"wp:term":[{"taxonomy":"category","embeddable":true,"href":"http:\/\/elcuartopoder.com.mx\/nw\/wp-json\/wp\/v2\/categories?post=91346"},{"taxonomy":"post_tag","embeddable":true,"href":"http:\/\/elcuartopoder.com.mx\/nw\/wp-json\/wp\/v2\/tags?post=91346"}],"curies":[{"name":"wp","href":"https:\/\/api.w.org\/{rel}","templated":true}]}}