{"id":91356,"date":"2021-06-03T09:22:50","date_gmt":"2021-06-03T14:22:50","guid":{"rendered":"http:\/\/elcuartopoder.com.mx\/nw\/?p=91356"},"modified":"2021-06-03T09:22:51","modified_gmt":"2021-06-03T14:22:51","slug":"los-migrantes-mexicanos-dan-la-espalda-a-los-comicios-mas-grandes-en-el-pais","status":"publish","type":"post","link":"http:\/\/elcuartopoder.com.mx\/nw\/nacionales\/los-migrantes-mexicanos-dan-la-espalda-a-los-comicios-mas-grandes-en-el-pais\/","title":{"rendered":"Los migrantes mexicanos dan la espalda a los comicios m\u00e1s grandes en el pa\u00eds"},"content":{"rendered":"\n<p>Representan m\u00e1s de 40.000 millones de d\u00f3lares al a\u00f1o en remesas y una di\u00e1spora de m\u00e1s de 12 millones personas en el extranjero y, sin embargo, solo 32.300 est\u00e1n registrados para ejercer su voto, seg\u00fan las cifras del Instituto Nacional Electoral (INE). A pesar de la implementaci\u00f3n del voto electr\u00f3nico y de la creaci\u00f3n de nuevas figuras de representaci\u00f3n como el diputado migrante, millones de connacionales que residen en el extranjero observar\u00e1n como espectadores los resultados de la pr\u00f3xima jornada electoral el 6 de junio.<\/p>\n\n\n\n<p>Hace nueve a\u00f1os Avelino Meza decidi\u00f3 emigrar de Torre\u00f3n, Coahuila, a la ciudad de Nueva York por cuestiones de seguridad. Ahora, como secretario de la organizaci\u00f3n Fuerza Migrante sigue paso a paso los \u00faltimos d\u00edas de la campa\u00f1a electoral de Chihuahua, su estado natal. \u00c9l ya emiti\u00f3 su voto v\u00eda electr\u00f3nica, pero es de los pocos. Meza reconoce que las elecciones mexicanas apenas despiertan inter\u00e9s entre sus amigos y vecinos. \u201cMucha gente qued\u00f3 muy resentida con la pol\u00edtica en M\u00e9xico, por razones de seguridad, econ\u00f3micas, es porque nosotros migramos, entonces lo que menos quiere saber el cuate que vino a chambear [trabajar] a Estados Unidos es de pol\u00edtica\u201d, refiere.<\/p>\n\n\n\n<p>Sin embargo, el empresario mexicano, de 47 a\u00f1os, se\u00f1ala que este desinter\u00e9s por la pol\u00edtica del pa\u00eds que los vio nacer tambi\u00e9n juega en contra de los intereses de los migrantes y de prop\u00f3sito de establecer una\u00a0agenda binacional entre M\u00e9xico y Estados Unidos. \u201cVotar significa podernos sentar a la mesa. La verdad es que los partidos pol\u00edticos y los Gobiernos no nos toman en serio porque no representamos una fuerza pol\u00edtica importante\u201d, apunta. \u201cLos pol\u00edticos y los partidos se miden por votos. Nosotros al traer menos de 100.000 votos no nos pelan, entonces para poder tomar decisiones o incidir tiene que ser un tema de votos, de credenciales, de n\u00fameros\u201d, afirma. Desde 2006 los mexicanos que viven en el extranjero han podido emitir su voto a trav\u00e9s de los consulados y v\u00eda postal. En las \u00faltimas elecciones federales de 2018 se recibieron poco m\u00e1s de 98.400 sufragios de migrantes para elegir al Ejecutivo, de acuerdo con los datos oficiales.<\/p>\n\n\n\n<p>Como portavoz del colectivo Fuerza Migrante, Meza insiste en que su prioridad es promover entre las autoridades mexicanas y estadounidenses una reforma migratoria por encima de los intereses partidistas as\u00ed como asegurar que las remesas que env\u00edan\u00a0incentiven el desarrollo de sus comunidades de origen. \u201cNuestro motor, el motor que nos obliga a migrar, es la familia que dejamos atr\u00e1s, lo que queremos es el bienestar de nuestras familias en M\u00e9xico. Uno de los objetivos principales, m\u00e1s rom\u00e1nticos, que tiene la comunidad migrante es que en alg\u00fan momento pudi\u00e9ramos regresar a M\u00e9xico, que la migraci\u00f3n sea algo temporal\u201d, a\u00f1ade.<\/p>\n\n\n\n<p>Al desinter\u00e9s de los connacionales se suman las barreras legales y de accesibilidad para votar. Aunque en esta jornada electoral habr\u00e1 elecciones para gobernador en 15 Estados, las leyes locales solo permiten participar a los migrantes en nueve de estas entidades. En Baja California Sur, Chihuahua, Colima, Guerrero, Michoac\u00e1n, Nayarit, Quer\u00e9taro, San Luis Potos\u00ed y Zacatecas podr\u00e1n votar para elegir gobernador. Mientras que en Jalisco y en Ciudad de M\u00e9xico la votaci\u00f3n ser\u00e1 por una diputaci\u00f3n migrante. La presidenta de la Comisi\u00f3n del Voto desde el Extranjero del INE, Norma de la Cruz, reconoce que la homogeneizaci\u00f3n de la norma para que cada vez m\u00e1s migrantes puedan participar en sus procesos locales es una asignatura a\u00fan pendiente.PUBLICIDAD<\/p>\n\n\n\n<p>Hasta abril pasado, seg\u00fan los datos oficiales, se hab\u00edan entregado m\u00e1s de un mill\u00f3n de credenciales para votar a mexicanos que viv\u00edan fuera del pa\u00eds. No obstante, la lista nominal de Electores Residentes en el Extranjero en este proceso electoral cerr\u00f3 solo con 32.303 personas. De este total, un 66% eligi\u00f3 la modalidad del voto electr\u00f3nico v\u00eda internet, mientras que el resto opt\u00f3 por la v\u00eda postal. \u201cLa Entidad que tuvo m\u00e1s registros fue la Ciudad de M\u00e9xico, con m\u00e1s de 12.000, en contraste con Baja California Sur que solo contabiliza 51 [votantes]\u201d, inform\u00f3 De la Cruz. Adem\u00e1s, los connacionales podr\u00e1n emitir su voto en los m\u00f3dulos instalados en las embajadas o consulados.<\/p>\n\n\n\n<p>En este proceso electoral,\u00a0la Ciudad de M\u00e9xico estrenar\u00e1 la figura del candidato migrante. Un total de 11 aspirantes est\u00e1n contendiendo por un espacio en el Congreso local como representante de esta poblaci\u00f3n. Los candidatos, originarios de la capital del pa\u00eds, deb\u00edan comprobar al menos dos a\u00f1os de residencia efectiva en el extranjero anteriores al d\u00eda de la jornada de votaci\u00f3n.<\/p>\n\n\n\n<p>El \u00f3rgano electoral de Ciudad de M\u00e9xico tiene un padr\u00f3n para estas elecciones de unos 12.660 votantes desde el extranjero, de ellos, m\u00e1s de 9.800 eligieron la modalidad electr\u00f3nica para emitir su voto. No obstante, en la lista nominal de residentes en el extranjero hay 34.505 personas. Es decir, menos de un 50% de los enlistados decidi\u00f3 participar en estos comicios. Para Donaciano Mu\u00f1oz Loyola, vocal ejecutivo de la Junta local del INE en la capital, esto es algo que debe cambiar. \u201cEn los siguientes procesos electorales habr\u00e1 que buscar maneras de promover la participaci\u00f3n porque efectivamente lo deseable ser\u00eda que este n\u00famero creciera considerablemente dada la cantidad de mexicanos que se encuentran fuera del pa\u00eds\u201d, ha reconocido.<\/p>\n\n\n\n<p>Reiteradamente, el presidente de M\u00e9xico, Andr\u00e9s Manuel L\u00f3pez Obrador, agradece a sus \u201cpaisanos migrantes\u201d por el millonario env\u00edo de remesas y los califica como \u201ch\u00e9roes vivientes\u201d. Lejos de la ret\u00f3rica y mientras en M\u00e9xico se vive el cierre de las campa\u00f1as electorales, contin\u00faa la escalada de migrantes mexicanos que intentan llegar al territorio estadounidense. En abril pasado, las autoridades fronterizas tuvieron m\u00e1s de 178.000 encuentros con migrantes, una tercera parte de ellos, cerca de 65.500, eran migrantes mexicanos de acuerdo a las cifras publicadas por la Oficina de Aduanas y Protecci\u00f3n Fronteriza. De octubre a abril,\u00a0m\u00e1s de 323.000 mexicanos han sido detenidos, la cifra m\u00e1s alta en tres a\u00f1os<\/p>\n\n\n\n<p>Ra\u00fal Mac\u00edas, fundador de la Asociaci\u00f3n de Deportes para J\u00f3venes Anahuak, en Los \u00c1ngeles, asegura que pese a las d\u00e9cadas que lleva el \u00e9xodo mexicano a Estados Unidos ellos siguen siendo \u201csombras\u201d para los gobernantes en turno. Mac\u00edas, originario de Jalisco, emigr\u00f3 a Estados Unidos en 1972 tras la quiebra de la f\u00e1brica textil en la que laboraba. A casi 50 a\u00f1os de distancia, asegura que se requieren de nuevos liderazgos que den batalla por las comunidades mexicanas migrantes, \u201cque est\u00e9n vigilando los procesos de legalidad para los inmigrantes porque seguimos siendo una minor\u00eda pol\u00edtica. Seguimos siendo sombras porque nos toman en cuenta para cosas muy triviales\u201d, menciona. Pese a los a\u00f1os, \u00e9l y su familia nunca han podido estar ajenos a los problemas de su pa\u00eds. \u201cM\u00e9xico nos preocupa porque all\u00e1 dejamos nuestro ombligo porque nuestra gente est\u00e1 all\u00e1 y como sea aunque a m\u00ed me entierren aqu\u00ed mi esp\u00edritu es el que va a quedar all\u00e1\u201d, zanja.<\/p>\n\n\n\n<p><strong>Fuente:<\/strong> elpa\u00eds<\/p>\n","protected":false},"excerpt":{"rendered":"<p>Representan m\u00e1s de 40.000 millones de d\u00f3lares al a\u00f1o en remesas y una di\u00e1spora de m\u00e1s de 12 millones personas en el extranjero y, sin embargo, solo 32.300 est\u00e1n registrados para ejercer su voto, seg\u00fan las cifras del Instituto Nacional Electoral (INE). A pesar de la implementaci\u00f3n del voto electr\u00f3nico y de la creaci\u00f3n de [&hellip;]<\/p>\n","protected":false},"author":2,"featured_media":91357,"comment_status":"open","ping_status":"open","sticky":false,"template":"","format":"standard","meta":{"footnotes":""},"categories":[55],"tags":[],"class_list":["post-91356","post","type-post","status-publish","format-standard","has-post-thumbnail","hentry","category-nacionales"],"_links":{"self":[{"href":"http:\/\/elcuartopoder.com.mx\/nw\/wp-json\/wp\/v2\/posts\/91356","targetHints":{"allow":["GET"]}}],"collection":[{"href":"http:\/\/elcuartopoder.com.mx\/nw\/wp-json\/wp\/v2\/posts"}],"about":[{"href":"http:\/\/elcuartopoder.com.mx\/nw\/wp-json\/wp\/v2\/types\/post"}],"author":[{"embeddable":true,"href":"http:\/\/elcuartopoder.com.mx\/nw\/wp-json\/wp\/v2\/users\/2"}],"replies":[{"embeddable":true,"href":"http:\/\/elcuartopoder.com.mx\/nw\/wp-json\/wp\/v2\/comments?post=91356"}],"version-history":[{"count":1,"href":"http:\/\/elcuartopoder.com.mx\/nw\/wp-json\/wp\/v2\/posts\/91356\/revisions"}],"predecessor-version":[{"id":91358,"href":"http:\/\/elcuartopoder.com.mx\/nw\/wp-json\/wp\/v2\/posts\/91356\/revisions\/91358"}],"wp:featuredmedia":[{"embeddable":true,"href":"http:\/\/elcuartopoder.com.mx\/nw\/wp-json\/wp\/v2\/media\/91357"}],"wp:attachment":[{"href":"http:\/\/elcuartopoder.com.mx\/nw\/wp-json\/wp\/v2\/media?parent=91356"}],"wp:term":[{"taxonomy":"category","embeddable":true,"href":"http:\/\/elcuartopoder.com.mx\/nw\/wp-json\/wp\/v2\/categories?post=91356"},{"taxonomy":"post_tag","embeddable":true,"href":"http:\/\/elcuartopoder.com.mx\/nw\/wp-json\/wp\/v2\/tags?post=91356"}],"curies":[{"name":"wp","href":"https:\/\/api.w.org\/{rel}","templated":true}]}}