{"id":91423,"date":"2021-06-05T15:39:47","date_gmt":"2021-06-05T20:39:47","guid":{"rendered":"http:\/\/elcuartopoder.com.mx\/nw\/?p=91423"},"modified":"2021-06-05T15:39:48","modified_gmt":"2021-06-05T20:39:48","slug":"a-un-ano-de-atentado-contra-omar-garcia-harfuch-van-25-detenidos-y-85-con-cuentas-congeladas","status":"publish","type":"post","link":"http:\/\/elcuartopoder.com.mx\/nw\/policiacas\/a-un-ano-de-atentado-contra-omar-garcia-harfuch-van-25-detenidos-y-85-con-cuentas-congeladas\/","title":{"rendered":"A un a\u00f1o de atentado contra Omar Garc\u00eda Harfuch, van 25 detenidos y 85 con cuentas congeladas"},"content":{"rendered":"\n<p>A casi un a\u00f1o del atentado en contra del titular de la Secretar\u00eda de Seguridad Ciudadana (<strong>SSC<\/strong>) de la Ciudad de M\u00e9xico,<strong>&nbsp;Omar Garc\u00eda Harfuch,&nbsp;<\/strong>van 25 detenidos y se mantiene el bloqueo de cuentas bancarias a 85 personas relacionadas con el caso.<\/p>\n\n\n\n<p>En conferencia de prensa desde la sede de la SSC, el mismo secretario declar\u00f3 que van en la etapa intermedia del proceso con la intervenci\u00f3n de la&nbsp;<strong>Fiscal\u00eda General de Justicia de la Ciudad de M\u00e9xico<\/strong>. Sobre su estado de salud, se report\u00f3 en perfectas condiciones aunque, dijo, se recupera de algunas&nbsp;<strong>lesiones<\/strong>. &nbsp;<\/p>\n\n\n\n<p>\u201cTenemos m\u00e1s de 25 detenidos en cinco acciones distintas de lo que sucedi\u00f3 hace un a\u00f1o. Las investigaciones contin\u00faan y faltan personas por detener, por supuesto, pero no han parado las detenciones, en lo que va del a\u00f1o han sido cinco acciones y 25 detenidos y, en su momento, cuando finalice lo podremos informar\u201d, dijo este viernes.<\/p>\n\n\n\n<p>Acompa\u00f1ando al secretario, el titular de la Unidad de Inteligencia Financiera (UIF) de la Secretar\u00eda de Hacienda, Santiago Nieto Castillo, report\u00f3 tambi\u00e9n el estatus del bloqueo de cuentas, aunque no ofreci\u00f3 mayores detalles.<\/p>\n\n\n\n<p>\u201cRespecto al atentado en contra de&nbsp;<strong>Omar Garc\u00eda Harfuch<\/strong>, secretario de Seguridad Ciudadana, mantenemos a 85 personas con bloqueos de cuenta relacionadas con el caso\u201d, dijo el titular de la&nbsp;<strong>UIF<\/strong>.<\/p>\n\n\n\n<p>El atentado contra el secretario de Seguridad Ciudadana sucedi\u00f3 sobre Paseo de la Reforma durante la ma\u00f1ana del 26 de junio del 2020, presuntamente por parte del C\u00e1rtel de Jalisco Nueva Generaci\u00f3n. En este, se detonaron 414 disparos, de acuerdo a los peritos; tres personas perdieron la vida (dos polic\u00edas y un civil) y cinco m\u00e1s resultaron heridas, entre ellas&nbsp;<strong>Garc\u00eda Harfuch<\/strong>.<\/p>\n\n\n\n<p>Derivado de las lesiones que sufri\u00f3 el funcionario, el pasado jueves fue intervenido quir\u00fargicamente para retirarle esquirlas de bala incrustadas en su cuerpo.<\/p>\n\n\n\n<p>\u201cEstoy bien, estuve ayer en una cirug\u00eda no grave, fue r\u00e1pida, de unas cuantas horas, me retiraron unas esquirlas del brazo, otras ya no se pueden retirar de otras partes del cuerpo, pero estoy perfectamente bien\u201d, comparti\u00f3 el secretario.<\/p>\n\n\n\n<p><strong>Fuente:<\/strong> heraldodemexico<\/p>\n","protected":false},"excerpt":{"rendered":"<p>A casi un a\u00f1o del atentado en contra del titular de la Secretar\u00eda de Seguridad Ciudadana (SSC) de la Ciudad de M\u00e9xico,&nbsp;Omar Garc\u00eda Harfuch,&nbsp;van 25 detenidos y se mantiene el bloqueo de cuentas bancarias a 85 personas relacionadas con el caso. En conferencia de prensa desde la sede de la SSC, el mismo secretario declar\u00f3 [&hellip;]<\/p>\n","protected":false},"author":2,"featured_media":91424,"comment_status":"open","ping_status":"open","sticky":false,"template":"","format":"standard","meta":{"footnotes":""},"categories":[23],"tags":[],"class_list":["post-91423","post","type-post","status-publish","format-standard","has-post-thumbnail","hentry","category-policiacas"],"_links":{"self":[{"href":"http:\/\/elcuartopoder.com.mx\/nw\/wp-json\/wp\/v2\/posts\/91423","targetHints":{"allow":["GET"]}}],"collection":[{"href":"http:\/\/elcuartopoder.com.mx\/nw\/wp-json\/wp\/v2\/posts"}],"about":[{"href":"http:\/\/elcuartopoder.com.mx\/nw\/wp-json\/wp\/v2\/types\/post"}],"author":[{"embeddable":true,"href":"http:\/\/elcuartopoder.com.mx\/nw\/wp-json\/wp\/v2\/users\/2"}],"replies":[{"embeddable":true,"href":"http:\/\/elcuartopoder.com.mx\/nw\/wp-json\/wp\/v2\/comments?post=91423"}],"version-history":[{"count":1,"href":"http:\/\/elcuartopoder.com.mx\/nw\/wp-json\/wp\/v2\/posts\/91423\/revisions"}],"predecessor-version":[{"id":91425,"href":"http:\/\/elcuartopoder.com.mx\/nw\/wp-json\/wp\/v2\/posts\/91423\/revisions\/91425"}],"wp:featuredmedia":[{"embeddable":true,"href":"http:\/\/elcuartopoder.com.mx\/nw\/wp-json\/wp\/v2\/media\/91424"}],"wp:attachment":[{"href":"http:\/\/elcuartopoder.com.mx\/nw\/wp-json\/wp\/v2\/media?parent=91423"}],"wp:term":[{"taxonomy":"category","embeddable":true,"href":"http:\/\/elcuartopoder.com.mx\/nw\/wp-json\/wp\/v2\/categories?post=91423"},{"taxonomy":"post_tag","embeddable":true,"href":"http:\/\/elcuartopoder.com.mx\/nw\/wp-json\/wp\/v2\/tags?post=91423"}],"curies":[{"name":"wp","href":"https:\/\/api.w.org\/{rel}","templated":true}]}}