{"id":91444,"date":"2021-06-05T16:20:43","date_gmt":"2021-06-05T21:20:43","guid":{"rendered":"http:\/\/elcuartopoder.com.mx\/nw\/?p=91444"},"modified":"2021-06-05T16:20:45","modified_gmt":"2021-06-05T21:20:45","slug":"vanessa-bryant-se-va-contra-nike-por-sacar-tenis-en-honor-a-su-hija-gianna","status":"publish","type":"post","link":"http:\/\/elcuartopoder.com.mx\/nw\/entretenimiento\/deportes\/vanessa-bryant-se-va-contra-nike-por-sacar-tenis-en-honor-a-su-hija-gianna\/","title":{"rendered":"Vanessa Bryant se va contra Nike por sacar tenis en honor a su hija Gianna"},"content":{"rendered":"\n<p><strong>Vanessa Bryant<\/strong>&nbsp;la viuda del fallecido basquetbolista&nbsp;<strong>Kobe Bryant<\/strong>&nbsp;ha explotado en contra de la empresa&nbsp;<strong>Nike<\/strong>&nbsp;por el presunto lanzamiento al mercado de unas<strong>&nbsp;zapatillas deportivas en honor a su hija Gianna<\/strong>.<\/p>\n\n\n\n<p>Ha sido a traves de su cuenta oficial de Instagram que expres\u00f3 su profunda molestia, luego de que fue alertada sobre la existencia de un par de tenis con un dise\u00f1o que se encontraban trabajando con la mencionada marca, pero que seg\u00fan relata nunca dio su aprobaci\u00f3n para su fabricacion, distribucion y venta.<\/p>\n\n\n\n<p>De acuerdo a Bryant el modelo de tenis llevar\u00eda el nombre de \u201cMambacita\u201d que es el apodo de su hija que falleci\u00f3 junto a su padre en un terrible accidente. Los colores que eligi\u00f3, el patr\u00f3n interior, el n\u00famero \u201c2\u201d que aparece, la nombres de \u201cKobe y Gigi\u201d en la parte trasera en letras doradas, todo fue minuciosamente elegido como homenaje a la peque\u00f1a.<\/p>\n\n\n\n<blockquote class=\"wp-block-quote is-layout-flow wp-block-quote-is-layout-flow\"><p>\u201cLos zapatos \u2018Mambacita\u2019 NO est\u00e1n aprobados para la venta. Quer\u00eda que se vendieran para honrar a mi hija con todas las ganancias en beneficio de nuestra fundaci\u00f3n, pero no volv\u00ed a firmar el contrato de Nike para vender estos zapatos\u201c, escribi\u00f3 muy molesta por toda la situaci\u00f3n.<\/p><\/blockquote>\n\n\n\n<p>De acuerdo a Vanessa \u201cLos zapatos Mambacita no fueron aprobados para fabricarse en primer lugar, Nike no nos ha enviado ninguno de estos pares ni a m\u00ed ni a mis ni\u00f1as\u201d, explic\u00f3 en su publicaci\u00f3n ante sus 15 millones de seguidores. Hasta el momento la empresa no se ha hecho ninguna declaraci\u00f3n al respecto.<\/p>\n\n\n\n<p><strong>Fuente:<\/strong> Deportes<\/p>\n","protected":false},"excerpt":{"rendered":"<p>Vanessa Bryant&nbsp;la viuda del fallecido basquetbolista&nbsp;Kobe Bryant&nbsp;ha explotado en contra de la empresa&nbsp;Nike&nbsp;por el presunto lanzamiento al mercado de unas&nbsp;zapatillas deportivas en honor a su hija Gianna. Ha sido a traves de su cuenta oficial de Instagram que expres\u00f3 su profunda molestia, luego de que fue alertada sobre la existencia de un par de tenis [&hellip;]<\/p>\n","protected":false},"author":2,"featured_media":91445,"comment_status":"open","ping_status":"open","sticky":false,"template":"","format":"standard","meta":{"footnotes":""},"categories":[7],"tags":[],"class_list":["post-91444","post","type-post","status-publish","format-standard","has-post-thumbnail","hentry","category-deportes"],"_links":{"self":[{"href":"http:\/\/elcuartopoder.com.mx\/nw\/wp-json\/wp\/v2\/posts\/91444","targetHints":{"allow":["GET"]}}],"collection":[{"href":"http:\/\/elcuartopoder.com.mx\/nw\/wp-json\/wp\/v2\/posts"}],"about":[{"href":"http:\/\/elcuartopoder.com.mx\/nw\/wp-json\/wp\/v2\/types\/post"}],"author":[{"embeddable":true,"href":"http:\/\/elcuartopoder.com.mx\/nw\/wp-json\/wp\/v2\/users\/2"}],"replies":[{"embeddable":true,"href":"http:\/\/elcuartopoder.com.mx\/nw\/wp-json\/wp\/v2\/comments?post=91444"}],"version-history":[{"count":1,"href":"http:\/\/elcuartopoder.com.mx\/nw\/wp-json\/wp\/v2\/posts\/91444\/revisions"}],"predecessor-version":[{"id":91446,"href":"http:\/\/elcuartopoder.com.mx\/nw\/wp-json\/wp\/v2\/posts\/91444\/revisions\/91446"}],"wp:featuredmedia":[{"embeddable":true,"href":"http:\/\/elcuartopoder.com.mx\/nw\/wp-json\/wp\/v2\/media\/91445"}],"wp:attachment":[{"href":"http:\/\/elcuartopoder.com.mx\/nw\/wp-json\/wp\/v2\/media?parent=91444"}],"wp:term":[{"taxonomy":"category","embeddable":true,"href":"http:\/\/elcuartopoder.com.mx\/nw\/wp-json\/wp\/v2\/categories?post=91444"},{"taxonomy":"post_tag","embeddable":true,"href":"http:\/\/elcuartopoder.com.mx\/nw\/wp-json\/wp\/v2\/tags?post=91444"}],"curies":[{"name":"wp","href":"https:\/\/api.w.org\/{rel}","templated":true}]}}