{"id":91447,"date":"2021-06-05T16:23:58","date_gmt":"2021-06-05T21:23:58","guid":{"rendered":"http:\/\/elcuartopoder.com.mx\/nw\/?p=91447"},"modified":"2021-06-05T16:23:59","modified_gmt":"2021-06-05T21:23:59","slug":"las-tuercas-de-la-democracia","status":"publish","type":"post","link":"http:\/\/elcuartopoder.com.mx\/nw\/politica\/las-tuercas-de-la-democracia\/","title":{"rendered":"Las tuercas de la democracia"},"content":{"rendered":"\n<p>A lo mejor muchos deber\u00edan moderar sus \u00e1nimos y bajarle a sus llamados a salvar la patria como si nos atacara un ej\u00e9rcito tropical. Las elecciones son la v\u00eda pac\u00edfica de dirimir diferencias y apostar por un proyecto ganador que quienes no obtienen la mayor\u00eda, deben respetar, acatar y en su caso, prepararse para contrastar con mejores ofertas y propuestas en una siguiente elecci\u00f3n. De ah\u00ed a que esta insistencia a hablar de que M\u00e9xico est\u00e1 fuertemente polarizado parece ignorar que hace apenas tres a\u00f1os hubo una elecci\u00f3n presidencial y una de las partes gan\u00f3 de manera contundente. Con su voto, la ciudadan\u00eda reconoci\u00f3 que las cosas no est\u00e1n bien, que este pa\u00eds toc\u00f3 fondo y que la inmensa mayor\u00eda considera que merecemos algo mejor. La propuesta ganadora en su momento lo dijo una y otra vez en la voz de su l\u00edder: \u201cPor el bien de todos, primero los pobres\u201d, y los votantes dieron fuerza a ese mandato. Nadie enga\u00f1\u00f3 a nadie, nadie dijo que a los evasores fiscales les mantendr\u00edan sus beneficios, ni que estaba bien no pagar impuestos, que, por cierto, ahora algunos descubren que sirven para cosas tan b\u00e1sicas como pagar vacunas que el pa\u00eds no produce y debe importar. As\u00ed de da\u00f1ados est\u00e1bamos que d\u00e1bamos por un hecho que el pa\u00eds se ten\u00eda que endeudar a las primeras de cambio, antes que echar mano en nuestras propias arcas nacionales.<\/p>\n\n\n\n<p>La verdad es que el discurso de la polarizaci\u00f3n es otro \u201cmito genial\u201d con el que nos quieren entrampar. Se trata de un discurso simpl\u00f3n que insiste en presentarnos como una sociedad casi a dos partes, que de esa manera se niega a dar cuenta de la complejidad de nuestra diversidad y de los matices que nos caracterizan. La supuesta polarizaci\u00f3n en realidad est\u00e1 en los medios de comunicaci\u00f3n masiva que repiten a coro en horario estelar dos visiones de pa\u00eds, a lo que se suman columnistas internacionales que lo \u00fanico que hacen es&nbsp;<em>copy-paste<\/em>&nbsp;de lo que les env\u00edan sus amigos editores mexicanos que conocen hace a\u00f1os. Ni por guardar las formas contraponen distintas versiones de un mismo tema, ni dan lugar a tratar de entender de d\u00f3nde sali\u00f3 tanta poblaci\u00f3n que simplemente piensa y act\u00faa diferente a lo que les transmiten sus analistas mexican\u00f3logos de cabecera.<\/p>\n\n\n\n<p>Por eso, tal vez, m\u00e1s que polarizaci\u00f3n lo que estamos viendo en realidad es la insurrecci\u00f3n de un pa\u00eds que apenas empieza a mostrar su verdadera diversidad y lo hace con tal efervescencia, exigencia y sorpresa, que efectivamente ha abierto boquetes que estuvieron tapados por d\u00e9cadas y hasta siglos. Temas como el racismo como sello de nuestra sociedad, acompa\u00f1ado de la discriminaci\u00f3n, la xenofobia y la desigualdad de trato, son solo uno de los grandes temas que van m\u00e1s all\u00e1 de lo electoral pero que han irrumpido con una fuerza que nos cuestiona a todos y por supuesto, nos sacude de ra\u00edz. Tan es as\u00ed que, detr\u00e1s de la cr\u00edtica a los programas sociales y los proyectos que benefician a ciertos sectores, hay un trasfondo clasista muy mezquino que no puede reconocer la deuda social que el pa\u00eds tiene con una ampl\u00edsima parte de los habitantes de M\u00e9xico. Si este fuera un pa\u00eds de 30 millones de personas (la clase media y \u00e9lite incluida), tal vez los discursos que cuestionan los apoyos y ven todo desde argumentos donde el individualismo, la supuesta capacidad personal y el echeleganismo, podr\u00edan tener cierto sentido, pero dado que somos casi 130 millones de habitantes, m\u00e1s los 12 millones y sus hijos que buscaron en la migraci\u00f3n una mejor vida, estos argumentos se caen por s\u00ed mismos y demuestran que las fuerzas del mercado no regulan a nadie y que la mano invisible de la econom\u00eda es un cuento tan infantil como creer que los reyes y princesas lo son por designio directo de dios.<\/p>\n\n\n\n<p>Por eso, esa polarizaci\u00f3n con la que insisten tantos en describir el momento actual en realidad es una rebeli\u00f3n ciudadana casi festiva, que probablemente por primera vez en la historia permite que se escuchen argumentos que se dec\u00edan en corto, entre amigos, colegas, en discusiones de domingo en familia, pero que ten\u00edan poca resonancia p\u00fablica o se tachaban de revanchistas con un \u00e1nimo descalificador. Ahora, al o\u00edrlos, resulta que quienes detentaban el poder de la voz \u00fanica, los encuentran molestos, agresivos, \u201cinsulting and unacceptable\u201d.<\/p>\n\n\n\n<p>En el punto en que nos encontramos m\u00e1s que creernos polarizados la verdad es que por primera vez tenemos opciones pol\u00edticas para decidir pac\u00edficamente por lo que cada uno considera mejor para nuestro pa\u00eds y nuestro entorno inmediato. Pero no hay que creerse eso de que nos jugamos el todo y que la democracia est\u00e1 en peligro como si no supi\u00e9ramos que en menos de tres a\u00f1os tendremos nuevamente elecciones. Por eso, lejos de lo que repiten algunos como mantra, acudir a votar no es la muestra de polarizaci\u00f3n sino la expresi\u00f3n m\u00e1s clara de la capacidad democratizadora de la sociedad mexicana. Los que hoy braman que todo esta mal, tal vez necesitar\u00e1n revisar su oferta pol\u00edtica y considerar tomar un curso de estad\u00edstica b\u00e1sica del M\u00e9xico que somos. A los que obtengan el aval que da la mayor\u00eda electoral les convendr\u00eda a su vez, dejar triunfalismos ef\u00edmeros y dedicarse a hacer el mejor Gobierno de nuestras vidas para ser cre\u00edbles y con eso, tener futuro pol\u00edtico. Votar no es un cheque en blanco y la vigilancia ciudadana exige cada vez m\u00e1s, incluso por encima de marcas partidistas.<\/p>\n\n\n\n<p>Consideren una \u00faltima cuesti\u00f3n, de alguna manera todos los que votaremos este domingo 6 de junio somos sobrevivientes de una pandemia que ni en nuestras peores pesadillas jam\u00e1s pensamos \u00edbamos a vivir. Por eso, con m\u00e1s raz\u00f3n, votar en este momento es tambi\u00e9n una forma de celebrar la vida, la oportunidad de opinar con una voz p\u00fablica que cuenta y, sobre todo, hacer lo m\u00ednimo que exige la condici\u00f3n de ciudadano, no de siervos, ni de vasallos, clientes o socios como algunos insisten en seguir viendo a los mexicanos. Votar es hacer patria y sin duda, es el arma del pueblo.<\/p>\n\n\n\n<p><strong>Fuente:<\/strong> sinembargo<\/p>\n","protected":false},"excerpt":{"rendered":"<p>A lo mejor muchos deber\u00edan moderar sus \u00e1nimos y bajarle a sus llamados a salvar la patria como si nos atacara un ej\u00e9rcito tropical. Las elecciones son la v\u00eda pac\u00edfica de dirimir diferencias y apostar por un proyecto ganador que quienes no obtienen la mayor\u00eda, deben respetar, acatar y en su caso, prepararse para contrastar [&hellip;]<\/p>\n","protected":false},"author":2,"featured_media":91448,"comment_status":"open","ping_status":"open","sticky":false,"template":"","format":"standard","meta":{"footnotes":""},"categories":[61],"tags":[],"class_list":["post-91447","post","type-post","status-publish","format-standard","has-post-thumbnail","hentry","category-politica"],"_links":{"self":[{"href":"http:\/\/elcuartopoder.com.mx\/nw\/wp-json\/wp\/v2\/posts\/91447","targetHints":{"allow":["GET"]}}],"collection":[{"href":"http:\/\/elcuartopoder.com.mx\/nw\/wp-json\/wp\/v2\/posts"}],"about":[{"href":"http:\/\/elcuartopoder.com.mx\/nw\/wp-json\/wp\/v2\/types\/post"}],"author":[{"embeddable":true,"href":"http:\/\/elcuartopoder.com.mx\/nw\/wp-json\/wp\/v2\/users\/2"}],"replies":[{"embeddable":true,"href":"http:\/\/elcuartopoder.com.mx\/nw\/wp-json\/wp\/v2\/comments?post=91447"}],"version-history":[{"count":1,"href":"http:\/\/elcuartopoder.com.mx\/nw\/wp-json\/wp\/v2\/posts\/91447\/revisions"}],"predecessor-version":[{"id":91449,"href":"http:\/\/elcuartopoder.com.mx\/nw\/wp-json\/wp\/v2\/posts\/91447\/revisions\/91449"}],"wp:featuredmedia":[{"embeddable":true,"href":"http:\/\/elcuartopoder.com.mx\/nw\/wp-json\/wp\/v2\/media\/91448"}],"wp:attachment":[{"href":"http:\/\/elcuartopoder.com.mx\/nw\/wp-json\/wp\/v2\/media?parent=91447"}],"wp:term":[{"taxonomy":"category","embeddable":true,"href":"http:\/\/elcuartopoder.com.mx\/nw\/wp-json\/wp\/v2\/categories?post=91447"},{"taxonomy":"post_tag","embeddable":true,"href":"http:\/\/elcuartopoder.com.mx\/nw\/wp-json\/wp\/v2\/tags?post=91447"}],"curies":[{"name":"wp","href":"https:\/\/api.w.org\/{rel}","templated":true}]}}