{"id":91450,"date":"2021-06-06T15:57:10","date_gmt":"2021-06-06T20:57:10","guid":{"rendered":"http:\/\/elcuartopoder.com.mx\/nw\/?p=91450"},"modified":"2021-06-06T15:57:11","modified_gmt":"2021-06-06T20:57:11","slug":"que-ahora-si-habra-cero-tolerancia-advierte-gobernador-cancelacion-de-transporte-publico-de-mantenerse-tendencia-a-la-alza-de-contagios","status":"publish","type":"post","link":"http:\/\/elcuartopoder.com.mx\/nw\/municipales\/que-ahora-si-habra-cero-tolerancia-advierte-gobernador-cancelacion-de-transporte-publico-de-mantenerse-tendencia-a-la-alza-de-contagios\/","title":{"rendered":"QUE AHORA S\u00cd HABR\u00c1 \u2018CERO TOLERANCIA\u2019: Advierte Gobernador cancelaci\u00f3n de transporte p\u00fablico de mantenerse tendencia a la alza de contagios"},"content":{"rendered":"\n<p><strong>CANC\u00daN, MX.-<\/strong>&nbsp;El gobernador, Carlos Joaqu\u00edn Gonz\u00e1lez, advirti\u00f3 que cancelar\u00e1 el transporte p\u00fablico durante un mes en caso de que los contagios de coronavirus persistan en ese rubro, donde hay problemas en la supervisi\u00f3n por parte de inspectores, quienes han hallado resistencia de parte de usuarios, choferes y empresarios del ramo.<\/p>\n\n\n\n<p>En un programa especial, en el que tambi\u00e9n toc\u00f3 el tema de los aforos en establecimientos como restaurantes, el gobernador fue enf\u00e1tico.<\/p>\n\n\n\n<p>\u201cSi regresamos al sem\u00e1foro rojo, se cancela el transporte p\u00fablico durante un mes, porque no vamos a poder trabajar y se detendr\u00e1 la econom\u00eda, as\u00ed &nbsp;como los ingresos de las familias que dependen del transporte\u201d, dijo.<\/p>\n\n\n\n<p>Agreg\u00f3 que el a\u00f1o pasado hubo 55 mil inspecciones en el transporte p\u00fablico y este a\u00f1o ya van 25 mil, durante las cuales han encontrado autobuses con sobrecupo de 65 pasajeros, a los cuales no les importa viajar apretujados.<\/p>\n\n\n\n<p>Asimismo, combis con 24, cuando deber\u00edan transportar tan solo ocho pasajeros, irregularidades que tienen lugar sin que ninguna persona lo denuncie, sobre todo en la zona norte de Quintana Roo.<\/p>\n\n\n\n<p>De acuerdo con el mandatario, de continuar el servicio de transporte p\u00fablico violando las normas establecidas por la emergencia sanitaria, habr\u00e1 detenciones de veh\u00edculos que llevar\u00edan a la p\u00e9rdida definitiva de la concesi\u00f3n.<\/p>\n\n\n\n<p>En cuanto a los aforos, record\u00f3 que redujo el horario de cierre de restaurantes y otros establecimientos de las 01:00 a las 23:00 horas, para generar orden y disciplina, con miras a reducir los contagios.<\/p>\n\n\n\n<p>Sin embargo, ante la simulaci\u00f3n de muchos establecimientos en el cumplimiento de estas reglas, debi\u00f3 recurrirse a medidas m\u00e1s estrictas.<\/p>\n\n\n\n<p>El Director estatal de Recaudaci\u00f3n de Rentas en Canc\u00fan, Carlos Ortiz \u00c1lvarez, inform\u00f3 que en reuniones sostenidas con empresarios, \u00e9stos aparentemente estaban en disposici\u00f3n de cooperar, aunque muchos no lo hicieron.<\/p>\n\n\n\n<p>\u201cSe quisieron pasar de listos y hemos tenido qu\u00e9 hacer bastantes clausuras, en total desde que la pandemia comenz\u00f3 llevamos 350 y 12 en las \u00faltimas 24 horas, a quienes de forma evidente simulan cumplir\u201d.<\/p>\n\n\n\n<p>Como ejemplo, mencion\u00f3 que un restaurante aparentemente hab\u00eda cerrado porque ten\u00eda las cortinas abajo y las luces apagadas, pero al entrar el lugar estaba repleto y hab\u00eda venta de alcohol.<\/p>\n\n\n\n<p>\u201cTuvimos que ponernos m\u00e1s en\u00e9rgicos, porque algunos empresarios no cumpl\u00edan con el aforo ni con el horario. Esta semana comenzamos a hacer un esfuerzo adicional y se logr\u00f3 el objetivo\u201d, dijo.<\/p>\n\n\n\n<p>\u201cHabr\u00e1 cero tolerancia. Ten\u00edamos unos cien negocios en rebeld\u00eda y ya han respondido. Estamos haciendo tres operativos: a las 22:00 y \u00a001:00 y 03:00 horas\u201d, concluy\u00f3 el ejecutivo estatal.<\/p>\n\n\n\n<p><strong>Fuente: <\/strong>Noticaribe<\/p>\n","protected":false},"excerpt":{"rendered":"<p>CANC\u00daN, MX.-&nbsp;El gobernador, Carlos Joaqu\u00edn Gonz\u00e1lez, advirti\u00f3 que cancelar\u00e1 el transporte p\u00fablico durante un mes en caso de que los contagios de coronavirus persistan en ese rubro, donde hay problemas en la supervisi\u00f3n por parte de inspectores, quienes han hallado resistencia de parte de usuarios, choferes y empresarios del ramo. En un programa especial, en [&hellip;]<\/p>\n","protected":false},"author":2,"featured_media":91451,"comment_status":"open","ping_status":"open","sticky":false,"template":"","format":"standard","meta":{"footnotes":""},"categories":[6],"tags":[],"class_list":["post-91450","post","type-post","status-publish","format-standard","has-post-thumbnail","hentry","category-municipales"],"_links":{"self":[{"href":"http:\/\/elcuartopoder.com.mx\/nw\/wp-json\/wp\/v2\/posts\/91450","targetHints":{"allow":["GET"]}}],"collection":[{"href":"http:\/\/elcuartopoder.com.mx\/nw\/wp-json\/wp\/v2\/posts"}],"about":[{"href":"http:\/\/elcuartopoder.com.mx\/nw\/wp-json\/wp\/v2\/types\/post"}],"author":[{"embeddable":true,"href":"http:\/\/elcuartopoder.com.mx\/nw\/wp-json\/wp\/v2\/users\/2"}],"replies":[{"embeddable":true,"href":"http:\/\/elcuartopoder.com.mx\/nw\/wp-json\/wp\/v2\/comments?post=91450"}],"version-history":[{"count":1,"href":"http:\/\/elcuartopoder.com.mx\/nw\/wp-json\/wp\/v2\/posts\/91450\/revisions"}],"predecessor-version":[{"id":91452,"href":"http:\/\/elcuartopoder.com.mx\/nw\/wp-json\/wp\/v2\/posts\/91450\/revisions\/91452"}],"wp:featuredmedia":[{"embeddable":true,"href":"http:\/\/elcuartopoder.com.mx\/nw\/wp-json\/wp\/v2\/media\/91451"}],"wp:attachment":[{"href":"http:\/\/elcuartopoder.com.mx\/nw\/wp-json\/wp\/v2\/media?parent=91450"}],"wp:term":[{"taxonomy":"category","embeddable":true,"href":"http:\/\/elcuartopoder.com.mx\/nw\/wp-json\/wp\/v2\/categories?post=91450"},{"taxonomy":"post_tag","embeddable":true,"href":"http:\/\/elcuartopoder.com.mx\/nw\/wp-json\/wp\/v2\/tags?post=91450"}],"curies":[{"name":"wp","href":"https:\/\/api.w.org\/{rel}","templated":true}]}}