{"id":91461,"date":"2021-06-07T14:55:45","date_gmt":"2021-06-07T19:55:45","guid":{"rendered":"http:\/\/elcuartopoder.com.mx\/nw\/?p=91461"},"modified":"2021-06-07T14:55:48","modified_gmt":"2021-06-07T19:55:48","slug":"carro-completo-de-morena-y-sus-aliados-en-diputaciones-federales-en-qr","status":"publish","type":"post","link":"http:\/\/elcuartopoder.com.mx\/nw\/estatales\/carro-completo-de-morena-y-sus-aliados-en-diputaciones-federales-en-qr\/","title":{"rendered":"CARRO COMPLETO DE MORENA Y SUS ALIADOS EN DIPUTACIONES FEDERALES EN QR"},"content":{"rendered":"\n<p><strong>CANC\u00daN, MX.-<\/strong>&nbsp;La alianza Morena-PVEM-PT arras\u00f3 en la contienda por las diputaciones federales en Quintana Roo al ganar c\u00f3modamente los cuatro curules en disputa, dejando en segundo lugar a la coalici\u00f3n opositora formada por el PAN, PRD y PRI.<\/p>\n\n\n\n<p>Con m\u00e1s del 45 por ciento de las actas capturadas, la tendencia en Quintana Roo favorece de manera contundente a la alianza encabezada por el partido del Presidente Obrador, dejando sin representantes en el Congreso a los partidos que respaldan al Gobernador Carlos Joaqu\u00edn Gonz\u00e1lez.<\/p>\n\n\n\n<p>En el&nbsp;<strong>Distrito 1<\/strong>, Juan Carrillo Soberanis, un priista de toda la vida que fue alcalde de Isla Mujeres durante dos periodos con los colores de este partido y que adem\u00e1s tiene el antecedente de haber sido uno de los borgistas m\u00e1s incondicionales, se perfilaba para ganar la diputaci\u00f3n federal por la alianza encabezada por Morena, a la cual se afili\u00f3 hace apenas unos meses.<\/p>\n\n\n\n<p>En este distrito, en segundo lugar quedar\u00eda Angy Estefania Mercado Asensio, candidata de la alianza PAN-PRI-PRD, y en tercero Alondra Margarita Name R\u00edos, del partido Fuerza por M\u00e9xico.<\/p>\n\n\n\n<div class=\"wp-block-image\"><figure class=\"aligncenter\"><img decoding=\"async\" src=\"https:\/\/noticaribe.com.mx\/wp\/wp-content\/uploads\/2021\/06\/Screenshot-2021-06-06_23-46-16-333.jpg\" alt=\"\" class=\"wp-image-481931\"\/><\/figure><\/div>\n\n\n\n<p>M\u00e1s atr\u00e1s se ubican Rubi Daniel Montalvo Espinosa, de Movimiento Ciudadano; Joanna Contreras V\u00e1zquez, del PES; y Juan Carlos Cobos Alvarez, de Redes Sociales Progresistas.<\/p>\n\n\n\n<p>En el&nbsp;<strong>Distrito 2<\/strong>, Alma Anahi Gonz\u00e1lez Hern\u00e1ndez, una cancunense del grupo de Mara Lezama que toda la campa\u00f1a naveg\u00f3 contra corriente por su condici\u00f3n de \u2018for\u00e1nea\u2019, manten\u00eda una amplia ventaja cobijada por la marca Morena.<\/p>\n\n\n\n<div class=\"wp-block-image\"><figure class=\"aligncenter\"><img decoding=\"async\" src=\"https:\/\/noticaribe.com.mx\/wp\/wp-content\/uploads\/2021\/06\/Screenshot-2021-06-06_23-46-01-366.jpg\" alt=\"\" class=\"wp-image-481932\"\/><\/figure><\/div>\n\n\n\n<p>En segundo lugar qued\u00f3 el priista Jos\u00e9 Alberto Alonso Ovando que fue postulado por la alianza PAN-PRI-PRD, dejando muy atr\u00e1s a Carlos Mario Villanueva Tenorio, de Fuerza por M\u00e9xico, Marisol Alamilla Betancourt de Redes Sociales Progresistas y V\u00edctor Manuel Zapata Vales, de Movimiento Ciudadano.<\/p>\n\n\n\n<p>En el<strong>&nbsp;Distrito 3<\/strong>, Wilbert Alberto Batun Chulim, de la alianza Morena-PVEM-PT, se quedar\u00eda con el triunfo, seguido de Eloy Peniche Ruiz, de la alianza PAN-PRI-PRD.<\/p>\n\n\n\n<div class=\"wp-block-image\"><figure class=\"aligncenter\"><img decoding=\"async\" src=\"https:\/\/noticaribe.com.mx\/wp\/wp-content\/uploads\/2021\/06\/Screenshot-2021-06-06_23-45-44-271.jpg\" alt=\"\" class=\"wp-image-481933\"\/><\/figure><\/div>\n\n\n\n<p>M\u00e1s atr\u00e1s quedaron Humberto Obed Montiel Herrera, de Fuerza por M\u00e9xico; Gregorio S\u00e1nchez Mart\u00ednez, del PES; Mar\u00eda Teresa Paredes Hern\u00e1ndez, de Redes Sociales Progresistas, y Juan Jos\u00e9 Chil\u00f3n Colorado, de Movimiento Ciudadano.<\/p>\n\n\n\n<p>En el&nbsp;<strong>Distrito 4<\/strong>, la alcaldesa con licencia de Puerto Morelos, Laura Lynn Fern\u00e1ndez Pi\u00f1a, de la alianza PVEM-Morena-PT, manten\u00eda una c\u00f3moda ventaja por encima de Mar\u00eda del Carmen Joaqu\u00edn Hern\u00e1ndez, de la alianza PAN-PRI-PRD.<\/p>\n\n\n\n<div class=\"wp-block-image\"><figure class=\"aligncenter\"><img decoding=\"async\" src=\"https:\/\/noticaribe.com.mx\/wp\/wp-content\/uploads\/2021\/06\/Screenshot-2021-06-06_23-49-08-483.jpg\" alt=\"\" class=\"wp-image-481934\"\/><\/figure><\/div>\n\n\n\n<p>Muy atr\u00e1s le segu\u00edan Urania Astudillo Mata, del partido Fuerza por M\u00e9xico; Joanna Mar\u00eda Guadalupe Guti\u00e9rrez Mart\u00ednez, del PES; Iris Jaqueline Avila Calder\u00f3n, de Redes Sociales Progresistas y Trixia Valle Herrera, de Movimiento Ciudadano.\u00a0<\/p>\n\n\n\n<p><strong>Fuente:<\/strong> Noticaribe<\/p>\n","protected":false},"excerpt":{"rendered":"<p>CANC\u00daN, MX.-&nbsp;La alianza Morena-PVEM-PT arras\u00f3 en la contienda por las diputaciones federales en Quintana Roo al ganar c\u00f3modamente los cuatro curules en disputa, dejando en segundo lugar a la coalici\u00f3n opositora formada por el PAN, PRD y PRI. Con m\u00e1s del 45 por ciento de las actas capturadas, la tendencia en Quintana Roo favorece de [&hellip;]<\/p>\n","protected":false},"author":2,"featured_media":91462,"comment_status":"open","ping_status":"open","sticky":false,"template":"","format":"standard","meta":{"footnotes":""},"categories":[60],"tags":[],"class_list":["post-91461","post","type-post","status-publish","format-standard","has-post-thumbnail","hentry","category-estatales"],"_links":{"self":[{"href":"http:\/\/elcuartopoder.com.mx\/nw\/wp-json\/wp\/v2\/posts\/91461","targetHints":{"allow":["GET"]}}],"collection":[{"href":"http:\/\/elcuartopoder.com.mx\/nw\/wp-json\/wp\/v2\/posts"}],"about":[{"href":"http:\/\/elcuartopoder.com.mx\/nw\/wp-json\/wp\/v2\/types\/post"}],"author":[{"embeddable":true,"href":"http:\/\/elcuartopoder.com.mx\/nw\/wp-json\/wp\/v2\/users\/2"}],"replies":[{"embeddable":true,"href":"http:\/\/elcuartopoder.com.mx\/nw\/wp-json\/wp\/v2\/comments?post=91461"}],"version-history":[{"count":1,"href":"http:\/\/elcuartopoder.com.mx\/nw\/wp-json\/wp\/v2\/posts\/91461\/revisions"}],"predecessor-version":[{"id":91463,"href":"http:\/\/elcuartopoder.com.mx\/nw\/wp-json\/wp\/v2\/posts\/91461\/revisions\/91463"}],"wp:featuredmedia":[{"embeddable":true,"href":"http:\/\/elcuartopoder.com.mx\/nw\/wp-json\/wp\/v2\/media\/91462"}],"wp:attachment":[{"href":"http:\/\/elcuartopoder.com.mx\/nw\/wp-json\/wp\/v2\/media?parent=91461"}],"wp:term":[{"taxonomy":"category","embeddable":true,"href":"http:\/\/elcuartopoder.com.mx\/nw\/wp-json\/wp\/v2\/categories?post=91461"},{"taxonomy":"post_tag","embeddable":true,"href":"http:\/\/elcuartopoder.com.mx\/nw\/wp-json\/wp\/v2\/tags?post=91461"}],"curies":[{"name":"wp","href":"https:\/\/api.w.org\/{rel}","templated":true}]}}