{"id":91917,"date":"2021-06-22T07:59:34","date_gmt":"2021-06-22T12:59:34","guid":{"rendered":"http:\/\/elcuartopoder.com.mx\/nw\/?p=91917"},"modified":"2021-06-22T07:59:36","modified_gmt":"2021-06-22T12:59:36","slug":"univision-lanzara-en-2022-la-mayor-oferta-global-en-espanol-por-streaming","status":"publish","type":"post","link":"http:\/\/elcuartopoder.com.mx\/nw\/entretenimiento\/espectaculos\/univision-lanzara-en-2022-la-mayor-oferta-global-en-espanol-por-streaming\/","title":{"rendered":"Univision lanzar\u00e1 en 2022 la mayor oferta global en espa\u00f1ol por streaming"},"content":{"rendered":"\n<p>La cadena hispana&nbsp;<strong>Univision<\/strong>&nbsp;anunci\u00f3 este lunes sus planes de lanzamiento para 2022 de un servicio de transmisi\u00f3n global en&nbsp;<strong><em>streaming<\/em><\/strong>&nbsp;en Estados Unidos y Am\u00e9rica Latina, que \u201calbergar\u00e1 la mayor oferta de contenido original en espa\u00f1ol\u201d, y mencion\u00f3 \u201cproyectos\u201d con los escritores Mario Vargas Llosa y Mar\u00eda Due\u00f1as, entre otros.<\/p>\n\n\n\n<p>\u201cEl anuncio de hoy es un salto cualitativo en la transformaci\u00f3n de Univision a medida que escalamos y expandimos nuestras capacidades de transmisi\u00f3n para brindar miles de horas de contenido original \u2018premium\u2019 a los casi 600 millones de hispanohablantes en todo el mundo\u201d, dijo en un comunicado Pierluigi Gazzolo, presidente y director de transformaci\u00f3n de la cadena.<\/p>\n\n\n\n<p>El nuevo servicio de transmisi\u00f3n incluir\u00e1 PrendeTV, el servicio gratuito con publicidad que Univision lanz\u00f3 a principios de este a\u00f1o, as\u00ed como Vix y Univision Now.<\/p>\n\n\n\n<p>La marca, los precios y las fechas de lanzamiento se anunciar\u00e1n despu\u00e9s de que se apruebe la fusi\u00f3n Univision-Televisa, seg\u00fan el anuncio oficial del plan.<\/p>\n\n\n\n<figure class=\"wp-block-image\"><img decoding=\"async\" src=\"https:\/\/i0.wp.com\/sinembargo.mx\/wp-content\/uploads\/2019\/04\/univision-300x158.jpg\" alt=\"\" class=\"wp-image-3563019\"\/><\/figure>\n\n\n\n<p>Un periodista sostiene un micr\u00f3fono con el logo de Univision en Los \u00c1ngeles el 14 de junio del 2006. Foto: Damian Dovarganes, Archivo, AP.<\/p>\n\n\n\n<p>La oferta gratuita contar\u00e1 con una \u201cpropuesta de contenido de calidad que incluye pel\u00edculas de estudio importantes, t\u00edtulos premium\u2019en espa\u00f1ol\u201d, adem\u00e1s de una \u201coferta de deportes en vivo ampliada y un servicio de noticias \u00fanico las 24 horas, los 7 d\u00edas de la semana\u201d, agreg\u00f3 el comunicado.<\/p>\n\n\n\n<p>En total, el gratuito contar\u00e1 con \u201cm\u00e1s de 100 canales y m\u00e1s de 40 mil horas de contenido adquirido y de propiedad total\u201d.<\/p>\n\n\n\n<p>La oferta de suscripci\u00f3n \u2018premium\u2019 (SVOD) dispondr\u00e1 de m\u00e1s de 6 mil horas de contenido en espa\u00f1ol y m\u00e1s de 30 producciones originales durante su primer a\u00f1o.<\/p>\n\n\n\n<p>La directiva explic\u00f3 que las producciones originales para este servicio \u201cest\u00e1n siendo desarrolladas por algunos de los creadores m\u00e1s notables de contenido en espa\u00f1ol en la actualidad\u201d.<\/p>\n\n\n\n<figure class=\"wp-block-image\"><img decoding=\"async\" src=\"https:\/\/i0.wp.com\/sinembargo.mx\/wp-content\/uploads\/2017\/01\/televisa-univision-logos-770.jpg\" alt=\"\" class=\"wp-image-3137080\"\/><\/figure>\n\n\n\n<p>Televisa y Univision acordaron su fusi\u00f3n. Foto: Especial<\/p>\n\n\n\n<p>En ese contexto, Univision mencion\u00f3 proyectos en marcha con el director mexicano Santiago Lim\u00f3n, con Vargas Llosa y la tambi\u00e9n escritora Mar\u00eda Due\u00f1as.<\/p>\n\n\n\n<p>La visi\u00f3n de la oferta \u2018premium\u2019 de SVOD consiste en \u201cllevar al p\u00fablico m\u00e1s contenido en espa\u00f1ol producido originalmente que cualquier otro servicio de transmisi\u00f3n a nivel mundial\u201d, destac\u00f3.<\/p>\n\n\n\n<p>\u201cEstoy emocionada de estar creando mi primera serie de transmisi\u00f3n para una marca en espa\u00f1ol tan impactante como Univision\u201d, dijo Due\u00f1as, autora de \u201cEl tiempo entre costuras\u201d.<\/p>\n\n\n\n<p>Due\u00f1as expres\u00f3 su entusiasmo por la posibilidad de \u201chacer una serie original junto con un equipo que comprende la importancia de crear contenido para los millones de hispanohablantes de todo el mundo\u201d.<\/p>\n\n\n\n<p>\u201cEs un sue\u00f1o hecho realidad\u201d, resalt\u00f3 la escritora.<\/p>\n\n\n\n<p>La cadena de televisi\u00f3n hispana tambi\u00e9n anunci\u00f3 la presentaci\u00f3n de&nbsp;<em>Mujer del Diablo<\/em>, una serie original creada por Leonardo Padr\u00f3n, el escritor de las series de Univision y Televisa&nbsp;<em>Amar a Muerte<\/em>,&nbsp;<em>Rub\u00ed<\/em>&nbsp;y&nbsp;<em>Si Nos Dejan<\/em>.<\/p>\n\n\n\n<p>Univision anunci\u00f3 tambi\u00e9n que ha establecido un acuerdo de desarrollo con Caracol Televisi\u00f3n, 360 Powwow e Isla Audiovisual para la serie hist\u00f3rica\u00a0<em>No Llegaron Solos<\/em>.<\/p>\n\n\n\n<p><strong>Fuente:<\/strong>&nbsp;sinembargo<br><\/p>\n","protected":false},"excerpt":{"rendered":"<p>La cadena hispana&nbsp;Univision&nbsp;anunci\u00f3 este lunes sus planes de lanzamiento para 2022 de un servicio de transmisi\u00f3n global en&nbsp;streaming&nbsp;en Estados Unidos y Am\u00e9rica Latina, que \u201calbergar\u00e1 la mayor oferta de contenido original en espa\u00f1ol\u201d, y mencion\u00f3 \u201cproyectos\u201d con los escritores Mario Vargas Llosa y Mar\u00eda Due\u00f1as, entre otros. \u201cEl anuncio de hoy es un salto cualitativo [&hellip;]<\/p>\n","protected":false},"author":2,"featured_media":91918,"comment_status":"open","ping_status":"open","sticky":false,"template":"","format":"standard","meta":{"footnotes":""},"categories":[11],"tags":[],"class_list":["post-91917","post","type-post","status-publish","format-standard","has-post-thumbnail","hentry","category-espectaculos"],"_links":{"self":[{"href":"http:\/\/elcuartopoder.com.mx\/nw\/wp-json\/wp\/v2\/posts\/91917","targetHints":{"allow":["GET"]}}],"collection":[{"href":"http:\/\/elcuartopoder.com.mx\/nw\/wp-json\/wp\/v2\/posts"}],"about":[{"href":"http:\/\/elcuartopoder.com.mx\/nw\/wp-json\/wp\/v2\/types\/post"}],"author":[{"embeddable":true,"href":"http:\/\/elcuartopoder.com.mx\/nw\/wp-json\/wp\/v2\/users\/2"}],"replies":[{"embeddable":true,"href":"http:\/\/elcuartopoder.com.mx\/nw\/wp-json\/wp\/v2\/comments?post=91917"}],"version-history":[{"count":1,"href":"http:\/\/elcuartopoder.com.mx\/nw\/wp-json\/wp\/v2\/posts\/91917\/revisions"}],"predecessor-version":[{"id":91919,"href":"http:\/\/elcuartopoder.com.mx\/nw\/wp-json\/wp\/v2\/posts\/91917\/revisions\/91919"}],"wp:featuredmedia":[{"embeddable":true,"href":"http:\/\/elcuartopoder.com.mx\/nw\/wp-json\/wp\/v2\/media\/91918"}],"wp:attachment":[{"href":"http:\/\/elcuartopoder.com.mx\/nw\/wp-json\/wp\/v2\/media?parent=91917"}],"wp:term":[{"taxonomy":"category","embeddable":true,"href":"http:\/\/elcuartopoder.com.mx\/nw\/wp-json\/wp\/v2\/categories?post=91917"},{"taxonomy":"post_tag","embeddable":true,"href":"http:\/\/elcuartopoder.com.mx\/nw\/wp-json\/wp\/v2\/tags?post=91917"}],"curies":[{"name":"wp","href":"https:\/\/api.w.org\/{rel}","templated":true}]}}