{"id":91920,"date":"2021-06-22T08:03:26","date_gmt":"2021-06-22T13:03:26","guid":{"rendered":"http:\/\/elcuartopoder.com.mx\/nw\/?p=91920"},"modified":"2021-06-22T08:03:27","modified_gmt":"2021-06-22T13:03:27","slug":"valerie-fue-torturada-y-prostituida-por-decadas-hasta-que-mato-a-su-agresor","status":"publish","type":"post","link":"http:\/\/elcuartopoder.com.mx\/nw\/varios\/valerie-fue-torturada-y-prostituida-por-decadas-hasta-que-mato-a-su-agresor\/","title":{"rendered":"Val\u00e9rie fue torturada y prostituida por d\u00e9cadas, hasta que mat\u00f3 a su agresor"},"content":{"rendered":"\n<p>Este lunes comienza en&nbsp;<strong>Francia<\/strong>&nbsp;el&nbsp;<strong>juicio de Val\u00e9rie Bacot<\/strong>, un caso que ha conmovido a la opini\u00f3n p\u00fablica francesa y que ha provocado la aparici\u00f3n de un&nbsp;<strong>movimiento de solidaridad<\/strong>&nbsp;que pide que no se a\u00f1ada m\u00e1s dolor a la vida de esta mujer.<\/p>\n\n\n\n<p>En 2016 Bacot mat\u00f3 a su marido, Daniel Polette, de un disparo con el arma que \u00e9l usaba para amenazarla a ella y a sus hijos. Escondi\u00f3 su cad\u00e1ver enterr\u00e1ndolo en el bosque y denunci\u00f3 su desaparici\u00f3n hasta que meses despu\u00e9s el cuerpo fue encontrado por la Polic\u00eda. Ahora la mujer se enfrenta a la petici\u00f3n de cadena perpetua.<\/p>\n\n\n\n<p>Los dos hijos mayores de Bacot, de 16 y 17 a\u00f1os, y el novio de su hija, tambi\u00e9n de 16 a\u00f1os, fueron condenados en 2020 a una pena de prisi\u00f3n condicional de seis meses por ayudar a ocultar el cad\u00e1ver y encubrir el delito.<\/p>\n\n\n\n<p><strong>24 A\u00d1OS DE MALTRATO CONTINUADO<\/strong><\/p>\n\n\n\n<p>Pero esta historia comenz\u00f3 mucho antes, cuando Bacot ten\u00eda tan solo 12 a\u00f1os y comenz\u00f3 a ser violada por Polette, que entonces era la pareja de su madre. El hombre fue denunciado por un familiar y cumpli\u00f3 5 a\u00f1os de prisi\u00f3n, pero los abusos se reanudaron a su salida de la c\u00e1rcel, hasta que Bacot se qued\u00f3 embarazada con 17 a\u00f1os y su madre la ech\u00f3 de casa.<\/p>\n\n\n\n<p>Sola y aislada, se fue a vivir con su agresor y poco despu\u00e9s se casaron. Un matrimonio que dur\u00f3 18 a\u00f1os y que la mujer calific\u00f3 como un aut\u00e9ntico infierno. Durante todo ese tiempo sigui\u00f3 sufriendo violaciones, palizas, amenazas y fue obligada a prostituirse. Adem\u00e1s, tuvo otros tres hijos con Polette.<\/p>\n\n\n\n<p>Su caso ha dividido tanto a la opini\u00f3n p\u00fablica francesa como a la clase pol\u00edtica, entre quienes creen que la ahora acusada es culpable de un crimen y quienes la consideran v\u00edctima, postura mayoritaria. Asimismo, el caso ha vuelto a reabrir el debate sobre la violencia machista en el pa\u00eds galo.<\/p>\n\n\n\n<p>Casi 600 mil personas han firmado ya una petici\u00f3n en la plataforma change.org que solicita la libertad para Val\u00e9rie Bacot o bien el indulto por parte del Gobierno franc\u00e9s. Se acusa a las instituciones de haber fallado puesto que nadie protegi\u00f3 a esta mujer durante toda una vida de abusos.<\/p>\n\n\n\n<p><strong>Fuente: <\/strong>sinembargo<\/p>\n","protected":false},"excerpt":{"rendered":"<p>Este lunes comienza en&nbsp;Francia&nbsp;el&nbsp;juicio de Val\u00e9rie Bacot, un caso que ha conmovido a la opini\u00f3n p\u00fablica francesa y que ha provocado la aparici\u00f3n de un&nbsp;movimiento de solidaridad&nbsp;que pide que no se a\u00f1ada m\u00e1s dolor a la vida de esta mujer. En 2016 Bacot mat\u00f3 a su marido, Daniel Polette, de un disparo con el arma [&hellip;]<\/p>\n","protected":false},"author":2,"featured_media":91921,"comment_status":"open","ping_status":"open","sticky":false,"template":"","format":"standard","meta":{"footnotes":""},"categories":[64],"tags":[],"class_list":["post-91920","post","type-post","status-publish","format-standard","has-post-thumbnail","hentry","category-varios"],"_links":{"self":[{"href":"http:\/\/elcuartopoder.com.mx\/nw\/wp-json\/wp\/v2\/posts\/91920","targetHints":{"allow":["GET"]}}],"collection":[{"href":"http:\/\/elcuartopoder.com.mx\/nw\/wp-json\/wp\/v2\/posts"}],"about":[{"href":"http:\/\/elcuartopoder.com.mx\/nw\/wp-json\/wp\/v2\/types\/post"}],"author":[{"embeddable":true,"href":"http:\/\/elcuartopoder.com.mx\/nw\/wp-json\/wp\/v2\/users\/2"}],"replies":[{"embeddable":true,"href":"http:\/\/elcuartopoder.com.mx\/nw\/wp-json\/wp\/v2\/comments?post=91920"}],"version-history":[{"count":1,"href":"http:\/\/elcuartopoder.com.mx\/nw\/wp-json\/wp\/v2\/posts\/91920\/revisions"}],"predecessor-version":[{"id":91922,"href":"http:\/\/elcuartopoder.com.mx\/nw\/wp-json\/wp\/v2\/posts\/91920\/revisions\/91922"}],"wp:featuredmedia":[{"embeddable":true,"href":"http:\/\/elcuartopoder.com.mx\/nw\/wp-json\/wp\/v2\/media\/91921"}],"wp:attachment":[{"href":"http:\/\/elcuartopoder.com.mx\/nw\/wp-json\/wp\/v2\/media?parent=91920"}],"wp:term":[{"taxonomy":"category","embeddable":true,"href":"http:\/\/elcuartopoder.com.mx\/nw\/wp-json\/wp\/v2\/categories?post=91920"},{"taxonomy":"post_tag","embeddable":true,"href":"http:\/\/elcuartopoder.com.mx\/nw\/wp-json\/wp\/v2\/tags?post=91920"}],"curies":[{"name":"wp","href":"https:\/\/api.w.org\/{rel}","templated":true}]}}