{"id":92833,"date":"2021-07-19T20:49:37","date_gmt":"2021-07-20T01:49:37","guid":{"rendered":"http:\/\/elcuartopoder.com.mx\/nw\/?p=92833"},"modified":"2021-07-19T20:49:39","modified_gmt":"2021-07-20T01:49:39","slug":"conciliacion-fundamental-para-la-reforma-a-la-ley-federal-del-trabajo-antonio-leon-ruiz","status":"publish","type":"post","link":"http:\/\/elcuartopoder.com.mx\/nw\/politica\/conciliacion-fundamental-para-la-reforma-a-la-ley-federal-del-trabajo-antonio-leon-ruiz\/","title":{"rendered":"Conciliaci\u00f3n, Fundamental Para la Reforma a la Ley Federal del Trabajo; Antonio Le\u00f3n Ruiz"},"content":{"rendered":"\n<p class=\"wp-block-paragraph\">La conciliaci\u00f3n ser\u00e1 fundamental en la nueva Reforma a la Ley Federal del Trabajo, asegur\u00f3 el Presidente del Tribunal Superior de Justicia, Antonio Le\u00f3n Ruiz.&nbsp;<\/p>\n\n\n\n<p class=\"wp-block-paragraph\">En entrevista con dijo que la laboral es una reforma que hace 100 a\u00f1os no se hac\u00eda, pues es en mayo de 2019 cuando fue publicada e incorpora los tribunales laborales que se har\u00e1n cargo de la materia.&nbsp;<\/p>\n\n\n\n<p class=\"wp-block-paragraph\">\u201cHemos estado trabajando con un \u00f3rgano implementador estatal que preside la Secretar\u00eda del Trabajo, el secretario de Gobierno, la Legislatura y el Poder Judicial entre otros, sobre todo para acceder a recursos federales\u201d, explic\u00f3.&nbsp;<\/p>\n\n\n\n<p class=\"wp-block-paragraph\">\u201cHecha la declaratoria por la Legislatura, entra en vigor en octubre, el a\u00f1o pasado fueron ocho estados incorporados a esta nueva justicia laboral, y en el segundo bloque entra Quintana Roo\u201d, a\u00f1adi\u00f3.&nbsp;<\/p>\n\n\n\n<p class=\"wp-block-paragraph\">El 9 de julio fue emitida la convocatoria para acceder a plazas como jueces, secretario, instructor actuario, y en general a todo el personal que integrar\u00e1 los tribunales laborales, dos de los cuales estar\u00e1n en Canc\u00fan, uno en Playa del Carmen y uno en Chetumal.&nbsp;<\/p>\n\n\n\n<p class=\"wp-block-paragraph\">\u201cEs un proceso completamente nuevo, se incorpora la oralidad al proceso laboral, pero sobre todo desde la perspectiva de una justicia laboral, como parte del Poder Judicial no exist\u00eda, es una materia completamente nueva\u201d, dijo el magistrado.&nbsp;<\/p>\n\n\n\n<p class=\"wp-block-paragraph\">\u201cAlgo fundamental es la conciliaci\u00f3n, paso previo para el Tribunal Laboral, estamos trabajando de la mano con la Secretar\u00eda del Trabajo para ello, para tener una justicia laboral m\u00e1s eficiente\u201d, agreg\u00f3.&nbsp;<\/p>\n\n\n\n<p class=\"wp-block-paragraph\">Antonio Le\u00f3n Ruiz tambi\u00e9n dijo que es fundamental que s\u00f3lo los casos m\u00e1s legalmente complicados lleguen a los tribunales laborales y tambi\u00e9n destac\u00f3 que Quintana Roo es pionero en justicia alternativa.&nbsp;<\/p>\n\n\n\n<p class=\"wp-block-paragraph\">\u201cDesde 1997 tenemos centros de justicia alternativa y esta nueva ley aprobada por la Legislatura del estado es muy moderna, incorpora figuras como el derecho colaborativo y convenios privados, as\u00ed como procesos por medios digitales\u201d, complement\u00f3.\u00a0<\/p>\n\n\n\n<p class=\"wp-block-paragraph\"><strong>Con informaci\u00f3n de Infoqroo.<\/strong>&nbsp;<br><\/p>\n","protected":false},"excerpt":{"rendered":"<p>La conciliaci\u00f3n ser\u00e1 fundamental en la nueva Reforma a la Ley Federal del Trabajo, asegur\u00f3 el Presidente del Tribunal Superior de Justicia, Antonio Le\u00f3n Ruiz.&nbsp; En entrevista con dijo que la laboral es una reforma que hace 100 a\u00f1os no se hac\u00eda, pues es en mayo de 2019 cuando fue publicada e incorpora los tribunales [&hellip;]<\/p>\n","protected":false},"author":2,"featured_media":92834,"comment_status":"open","ping_status":"open","sticky":false,"template":"","format":"standard","meta":{"footnotes":""},"categories":[61],"tags":[],"class_list":["post-92833","post","type-post","status-publish","format-standard","has-post-thumbnail","hentry","category-politica"],"_links":{"self":[{"href":"http:\/\/elcuartopoder.com.mx\/nw\/wp-json\/wp\/v2\/posts\/92833","targetHints":{"allow":["GET"]}}],"collection":[{"href":"http:\/\/elcuartopoder.com.mx\/nw\/wp-json\/wp\/v2\/posts"}],"about":[{"href":"http:\/\/elcuartopoder.com.mx\/nw\/wp-json\/wp\/v2\/types\/post"}],"author":[{"embeddable":true,"href":"http:\/\/elcuartopoder.com.mx\/nw\/wp-json\/wp\/v2\/users\/2"}],"replies":[{"embeddable":true,"href":"http:\/\/elcuartopoder.com.mx\/nw\/wp-json\/wp\/v2\/comments?post=92833"}],"version-history":[{"count":1,"href":"http:\/\/elcuartopoder.com.mx\/nw\/wp-json\/wp\/v2\/posts\/92833\/revisions"}],"predecessor-version":[{"id":92835,"href":"http:\/\/elcuartopoder.com.mx\/nw\/wp-json\/wp\/v2\/posts\/92833\/revisions\/92835"}],"wp:featuredmedia":[{"embeddable":true,"href":"http:\/\/elcuartopoder.com.mx\/nw\/wp-json\/wp\/v2\/media\/92834"}],"wp:attachment":[{"href":"http:\/\/elcuartopoder.com.mx\/nw\/wp-json\/wp\/v2\/media?parent=92833"}],"wp:term":[{"taxonomy":"category","embeddable":true,"href":"http:\/\/elcuartopoder.com.mx\/nw\/wp-json\/wp\/v2\/categories?post=92833"},{"taxonomy":"post_tag","embeddable":true,"href":"http:\/\/elcuartopoder.com.mx\/nw\/wp-json\/wp\/v2\/tags?post=92833"}],"curies":[{"name":"wp","href":"https:\/\/api.w.org\/{rel}","templated":true}]}}