{"id":92960,"date":"2021-07-22T23:08:48","date_gmt":"2021-07-23T04:08:48","guid":{"rendered":"http:\/\/elcuartopoder.com.mx\/nw\/?p=92960"},"modified":"2021-07-22T23:08:49","modified_gmt":"2021-07-23T04:08:49","slug":"son-9-cuerpos-hallados-en-narcofosas-de-bonfil-hay-2-identificados","status":"publish","type":"post","link":"http:\/\/elcuartopoder.com.mx\/nw\/policiacas\/son-9-cuerpos-hallados-en-narcofosas-de-bonfil-hay-2-identificados\/","title":{"rendered":"Son 9 cuerpos hallados en narcofosas de Bonfil; hay 2 identificados"},"content":{"rendered":"\n<p>Dos de las nueve personas que han sido inhumadas en las fosas clandestinas de Alfredo V. Bonfil, una localidad localizada en el sur de Canc\u00fan, son originarias de Quintana Roo, confirm\u00f3 el titular de la Fiscal\u00eda General del Estado (FGE), \u00d3scar Montes de Oca.<\/p>\n\n\n\n<p>\u201cFueron nueve cuerpos los que se han localizado, estaban en la superficie ya con algo de tierra y vegetal por el tiempo transcurrido, y estamos en proceso de determinar las causas de la muerte\u201d, manifest\u00f3 el funcionario.<\/p>\n\n\n\n<p>En entrevista grabada para los medios de comunicaci\u00f3n, el fiscal detall\u00f3 que se trata de una mujer y un hombre, los cuales fueron identificados formalmente por sus familiares, adem\u00e1s de que una de las dos personas estaba reportaba como desaparecida.<\/p>\n\n\n\n<p>Montes de Oca no descart\u00f3 la posibilidad de que entre los cuerpos inhumados est\u00e9 el de una mujer de originen peruano, luego de que en el lugar de los hechos se encontrara una identificaci\u00f3n oficial de una chica originaria de ese pa\u00eds.<\/p>\n\n\n\n<p>\u201cTenemos una identificaci\u00f3n de una persona en el extranjero, no tenemos ning\u00fan reporte y no tenemos certeza de que efectivamente esa identificaci\u00f3n pertenezca a alguno de los restos humanos encontrados\u201d, agreg\u00f3.<\/p>\n\n\n\n<p>Asegur\u00f3 que la Fiscal\u00eda cuenta con la infraestructura suficiente para identificar el resto de las personas que han sido inhumadas en diferentes puntos de la zona antes mencionada.<\/p>\n\n\n\n<h2 class=\"wp-block-heading\"><strong>\u00bfC\u00f3mo se hallaron las fosas clandestinas de Alfredo V. Bonfil?<\/strong><\/h2>\n\n\n\n<p>Record\u00f3 que las fosas clandestinas de Alfredo V. Bonfil fueron identificadas tras \u201ctras actos de investigaci\u00f3n realizados por agentes\u201d de la FGE, de los cuales, dijo, uno de ellos fue gracias a un reporte ciudadano.<\/p>\n\n\n\n<p>Mencion\u00f3 que tras los \u201cactos de investigaci\u00f3n\u201d han sido detenidas \u201cvarias\u201d personas y que en pr\u00f3ximos d\u00edas aportar\u00e1n m\u00e1s datos sobre esta investigaci\u00f3n.<\/p>\n\n\n\n<p>\u201cAh\u00ed vamos en una investigaci\u00f3n, no podemos determinar ahorita datos concretos, pero todo es investigaciones que han derivado de meses a la fecha\u201d, manifest\u00f3.<\/p>\n\n\n\n<p><strong>Fuente:<\/strong> marcrixnoticias<\/p>\n","protected":false},"excerpt":{"rendered":"<p>Dos de las nueve personas que han sido inhumadas en las fosas clandestinas de Alfredo V. Bonfil, una localidad localizada en el sur de Canc\u00fan, son originarias de Quintana Roo, confirm\u00f3 el titular de la Fiscal\u00eda General del Estado (FGE), \u00d3scar Montes de Oca. \u201cFueron nueve cuerpos los que se han localizado, estaban en la [&hellip;]<\/p>\n","protected":false},"author":2,"featured_media":92961,"comment_status":"open","ping_status":"open","sticky":false,"template":"","format":"standard","meta":{"footnotes":""},"categories":[23],"tags":[],"class_list":["post-92960","post","type-post","status-publish","format-standard","has-post-thumbnail","hentry","category-policiacas"],"_links":{"self":[{"href":"http:\/\/elcuartopoder.com.mx\/nw\/wp-json\/wp\/v2\/posts\/92960","targetHints":{"allow":["GET"]}}],"collection":[{"href":"http:\/\/elcuartopoder.com.mx\/nw\/wp-json\/wp\/v2\/posts"}],"about":[{"href":"http:\/\/elcuartopoder.com.mx\/nw\/wp-json\/wp\/v2\/types\/post"}],"author":[{"embeddable":true,"href":"http:\/\/elcuartopoder.com.mx\/nw\/wp-json\/wp\/v2\/users\/2"}],"replies":[{"embeddable":true,"href":"http:\/\/elcuartopoder.com.mx\/nw\/wp-json\/wp\/v2\/comments?post=92960"}],"version-history":[{"count":1,"href":"http:\/\/elcuartopoder.com.mx\/nw\/wp-json\/wp\/v2\/posts\/92960\/revisions"}],"predecessor-version":[{"id":92962,"href":"http:\/\/elcuartopoder.com.mx\/nw\/wp-json\/wp\/v2\/posts\/92960\/revisions\/92962"}],"wp:featuredmedia":[{"embeddable":true,"href":"http:\/\/elcuartopoder.com.mx\/nw\/wp-json\/wp\/v2\/media\/92961"}],"wp:attachment":[{"href":"http:\/\/elcuartopoder.com.mx\/nw\/wp-json\/wp\/v2\/media?parent=92960"}],"wp:term":[{"taxonomy":"category","embeddable":true,"href":"http:\/\/elcuartopoder.com.mx\/nw\/wp-json\/wp\/v2\/categories?post=92960"},{"taxonomy":"post_tag","embeddable":true,"href":"http:\/\/elcuartopoder.com.mx\/nw\/wp-json\/wp\/v2\/tags?post=92960"}],"curies":[{"name":"wp","href":"https:\/\/api.w.org\/{rel}","templated":true}]}}