{"id":94768,"date":"2021-09-17T10:55:11","date_gmt":"2021-09-17T15:55:11","guid":{"rendered":"http:\/\/elcuartopoder.com.mx\/nw\/?p=94768"},"modified":"2021-09-17T10:55:12","modified_gmt":"2021-09-17T15:55:12","slug":"quintana-roo-mantiene-una-semana-mas-el-amarillo-en-el-semaforo-epidemiologica-estatal","status":"publish","type":"post","link":"http:\/\/elcuartopoder.com.mx\/nw\/estatales\/quintana-roo-mantiene-una-semana-mas-el-amarillo-en-el-semaforo-epidemiologica-estatal\/","title":{"rendered":"Quintana Roo mantiene una semana m\u00e1s el amarillo en el Sem\u00e1foro Epidemiol\u00f3gica estatal"},"content":{"rendered":"\n<p><strong>CHETUMAL, MX.-<\/strong>&nbsp;Por segunda semana consecutiva, Quintana Roo se mantiene en amarillo en el color del Sem\u00e1foro Epidemiol\u00f3gico Estatal, anunci\u00f3 esta noche el &nbsp;gobernador Carlos Joaqu\u00edn.<\/p>\n\n\n\n<p>Sostuvo que en este momento hay informaci\u00f3n positiva en torno al avance de la pandemia por el COVID-19, mientras que en materia tur\u00edstica, tras la temporada de verano hay aerol\u00edneas que mantendr\u00e1n vuelos hasta dos y tres meses m\u00e1s.<\/p>\n\n\n\n<p>\u201cEsta es una muy buena noticia, son datos s\u00f3lidos que nos permiten tener buenos augurios para la pr\u00f3xima temporada\u201d explic\u00f3.<\/p>\n\n\n\n<p>En el marco del programa semanal que se transmite por los medios oficiales de comunicaci\u00f3n del gobierno del Estado para actualizar el Sem\u00e1foro Epidemiol\u00f3gico estatal, Carlos Joaqu\u00edn destac\u00f3 que los procesos de recuperaci\u00f3n econ\u00f3mica van por buen camino, como lo refleja el hecho que varias aerol\u00edneas decidieron incrementar sus vuelos a los aeropuertos del Caribe Mexicano.<\/p>\n\n\n\n<div class=\"wp-block-image\"><figure class=\"aligncenter\"><img decoding=\"async\" src=\"https:\/\/noticaribe.com.mx\/wp\/wp-content\/uploads\/2021\/09\/cjamarillo-1.jpeg\" alt=\"\" class=\"wp-image-503044\"\/><\/figure><\/div>\n\n\n\n<p>\u201cSon vuelos que se hab\u00edan programado para terminar con la temporada de verano, pero que ahora han decidido avanzar un mes m\u00e1s, y en algunos casos hasta dos y tres meses, y otro seguir hasta la temporada de invierno\u201d a\u00f1adi\u00f3.<\/p>\n\n\n\n<p>Agreg\u00f3 que estos procesos de recuperaci\u00f3n de la econom\u00eda permiten tambi\u00e9n recuperar el empleo y el ingreso de las familias quintanarroenses.<\/p>\n\n\n\n<p>Sin embargo, exhort\u00f3 a seguir manteniendo el cuidado de la salud, a no bajar la guardia en la aplicaci\u00f3n de los h\u00e1bitos y los protocolos sanitarios principalmente ahora que estamos en amarillo en el Sem\u00e1foro Epidemiol\u00f3gico Estatal.<\/p>\n\n\n\n<p>\u201cSi tenemos salud podemos seguir adelante en la recuperaci\u00f3n. El gobierno del estado seguir\u00e1 con los programas preventivos y de atenci\u00f3n para cuidar a los que aqu\u00ed vivimos y a quienes nos visitan, para seguir teniendo esa esperanza de mejorar el nivel de vida\u201d reiter\u00f3.<\/p>\n\n\n\n<p>Presente en el programa, la titular de la SESA, Alejandra Aguirre Crespo, expres\u00f3 que durante la emergencia sanitaria ning\u00fan quintanarroense se qued\u00f3 sin tener oportunidades de acceso a la atenci\u00f3n m\u00e9dica, para salvar vidas.<\/p>\n\n\n\n<p>Ahora, agreg\u00f3, en la recuperaci\u00f3n, la participaci\u00f3n de la sociedad es importante para seguir en ese proceso del cuidado a la salud, no solamente en el tema de covid-19, sino las que se ven\u00edan atendiendo antes de la pandemia, como diabetes, obesidad, control natal, etc.<\/p>\n\n\n\n<p>La funcionaria hizo un llamado a seguir aplicando los h\u00e1bitos de higiene ante la nueva normalidad, como el uso obligatorio del cubrebocas, lavarse las manos con frecuencia y mantener la sana distancia, pues ser\u00eda problem\u00e1tico complicar estas enfermedades con la covid-19.<\/p>\n\n\n\n<p>En el aspecto de la educaci\u00f3n, la titular de la SEQ Ana Isabel V\u00e1squez Jim\u00e9nez, dio a conocer que, a la tercera semana del inicio del ciclo escolar b\u00e1sico, 725 escuelas se han registrado en la plataforma del retorno seguro, de las cuales 342 son p\u00fablicas y 383 privadas.<\/p>\n\n\n\n<p>Precis\u00f3 a\u00fan cuando ahora el estado se encuentra en color amarillo en el Sem\u00e1foro Epidemiol\u00f3gico, en el retorno paulatino voluntario se siguen aplicando todas las medidas sanitarias, como son los filtros de salud en casa, al ingresar al plantel y en las aulas, en donde no hay m\u00e1s del 30% de alumnos.<\/p>\n\n\n\n<p>Carlos Joaqu\u00edn dio a conocer el resumen de casos a nivel municipal que reflejan la disminuci\u00f3n de la curva de contagios en 10 municipios y el crecimiento en uno de ellos.<\/p>\n\n\n\n<p>En ese sentido, refiri\u00f3 que hubo disminuciones en Solidaridad, del 58%; Felipe Carrillo Puerto 57%; Bacalar 52%; L\u00e1zaro C\u00e1rdenas 51%; Cozumel 50%; Benito Ju\u00e1rez 42%; isla Mujeres 31%; Oth\u00f3n P. Blanco 23%; Tulum 19% y Jos\u00e9 Mar\u00eda Morelos 18%.<\/p>\n\n\n\n<p>Puntualiz\u00f3 que el municipio que registr\u00f3 un incremento fue Puerto Morelos, con un 121%, aunque en los \u00faltimos d\u00edas tiene una fuerte tendencia a la baja.\u00a0<\/p>\n\n\n\n<p><strong>Fuente:<\/strong> Noticaribe<\/p>\n","protected":false},"excerpt":{"rendered":"<p>CHETUMAL, MX.-&nbsp;Por segunda semana consecutiva, Quintana Roo se mantiene en amarillo en el color del Sem\u00e1foro Epidemiol\u00f3gico Estatal, anunci\u00f3 esta noche el &nbsp;gobernador Carlos Joaqu\u00edn. Sostuvo que en este momento hay informaci\u00f3n positiva en torno al avance de la pandemia por el COVID-19, mientras que en materia tur\u00edstica, tras la temporada de verano hay aerol\u00edneas [&hellip;]<\/p>\n","protected":false},"author":2,"featured_media":94769,"comment_status":"open","ping_status":"open","sticky":false,"template":"","format":"standard","meta":{"footnotes":""},"categories":[60],"tags":[],"class_list":["post-94768","post","type-post","status-publish","format-standard","has-post-thumbnail","hentry","category-estatales"],"_links":{"self":[{"href":"http:\/\/elcuartopoder.com.mx\/nw\/wp-json\/wp\/v2\/posts\/94768","targetHints":{"allow":["GET"]}}],"collection":[{"href":"http:\/\/elcuartopoder.com.mx\/nw\/wp-json\/wp\/v2\/posts"}],"about":[{"href":"http:\/\/elcuartopoder.com.mx\/nw\/wp-json\/wp\/v2\/types\/post"}],"author":[{"embeddable":true,"href":"http:\/\/elcuartopoder.com.mx\/nw\/wp-json\/wp\/v2\/users\/2"}],"replies":[{"embeddable":true,"href":"http:\/\/elcuartopoder.com.mx\/nw\/wp-json\/wp\/v2\/comments?post=94768"}],"version-history":[{"count":1,"href":"http:\/\/elcuartopoder.com.mx\/nw\/wp-json\/wp\/v2\/posts\/94768\/revisions"}],"predecessor-version":[{"id":94770,"href":"http:\/\/elcuartopoder.com.mx\/nw\/wp-json\/wp\/v2\/posts\/94768\/revisions\/94770"}],"wp:featuredmedia":[{"embeddable":true,"href":"http:\/\/elcuartopoder.com.mx\/nw\/wp-json\/wp\/v2\/media\/94769"}],"wp:attachment":[{"href":"http:\/\/elcuartopoder.com.mx\/nw\/wp-json\/wp\/v2\/media?parent=94768"}],"wp:term":[{"taxonomy":"category","embeddable":true,"href":"http:\/\/elcuartopoder.com.mx\/nw\/wp-json\/wp\/v2\/categories?post=94768"},{"taxonomy":"post_tag","embeddable":true,"href":"http:\/\/elcuartopoder.com.mx\/nw\/wp-json\/wp\/v2\/tags?post=94768"}],"curies":[{"name":"wp","href":"https:\/\/api.w.org\/{rel}","templated":true}]}}