{"id":95424,"date":"2021-10-05T16:02:15","date_gmt":"2021-10-05T21:02:15","guid":{"rendered":"http:\/\/elcuartopoder.com.mx\/nw\/?p=95424"},"modified":"2021-10-05T16:02:17","modified_gmt":"2021-10-05T21:02:17","slug":"que-es-el-dns-el-sistema-que-ha-provocado-la-caida-de-whatsapp-instagram-y-facebook","status":"publish","type":"post","link":"http:\/\/elcuartopoder.com.mx\/nw\/entretenimiento\/tecnologia\/que-es-el-dns-el-sistema-que-ha-provocado-la-caida-de-whatsapp-instagram-y-facebook\/","title":{"rendered":"Qu\u00e9 es el DNS, el sistema que ha provocado la ca\u00edda de WhatsApp, Instagram y Facebook"},"content":{"rendered":"\n<p><strong>Facebook<\/strong>\u00a0y el resto de aplicaciones propiedad de la compa\u00f1\u00eda, entre ellas\u00a0<strong>Instagram, WhatsApp y Messenger<\/strong>,\u00a0estuvieron ca\u00eddas varias horas ayer\u00a0en zonas de todo el mundo. Por el momento,\u00a0la red social\u00a0no ha informado sobre la causa del fallo.<\/p>\n\n\n\n<p>Expertos en inform\u00e1tica apuntan a que este ha podido deberse a un problema en los sistemas de dominio (DNS), que traducen los nombres de dominio que todos usamos, como facebook.com, para que podamos acceder a su interior.<\/p>\n\n\n\n<p>El director de Tecnolog\u00eda de la empresa Transparent Edge Services, Diego Su\u00e1rez, apunta que \u00abaunque este era el culpable directo de que las apps y webs del gigante estadounidense no funcionasen, esta vez el DNS es la consecuencia y no la causa, puesto que el problema es a\u00fan m\u00e1s profundo: el enrutamiento BGP\u00bb.<\/p>\n\n\n\n<p>\u00abBGP es el sistema postal de Internet. Es un protocolo mediante el cual los routers de los proveedores de Internet saben c\u00f3mo enviar los paquetes de red\u00bb, apunta el experto. \u00abSobre las 17.50, hora espa\u00f1ola, Facebook retir\u00f3 (por causas a\u00fan desconocidas) sus rutas del sistema de anuncios BGP, sac\u00e1ndose a s\u00ed mismos de Internet. Esto provoc\u00f3 que los propios servidores DNS de Facebook, que traducen los nombres de dominio a direcciones IP, fuesen inaccesibles a todo el resto de la red, con la consiguiente ca\u00edda de todos sus servicios. Si por lo que fuera, Facebook decidiera un d\u00eda retirar su negocio de Internet, este es el camino que deber\u00eda seguir\u00bb contin\u00faa.<\/p>\n\n\n\n<p>De acuerdo con Su\u00e1rez, teniendo esto en cuenta, \u00ablas causas m\u00e1s probables ser\u00edan, o bien que un fallo de configuraci\u00f3n haya causado un efecto domin\u00f3 o bien un ciberataque sobre el sistema aut\u00f3nomo de Facebook, encargado de mantener estas rutas\u00bb.<\/p>\n\n\n\n<p><strong>Fuente:<\/strong> ABC<\/p>\n","protected":false},"excerpt":{"rendered":"<p>Facebook\u00a0y el resto de aplicaciones propiedad de la compa\u00f1\u00eda, entre ellas\u00a0Instagram, WhatsApp y Messenger,\u00a0estuvieron ca\u00eddas varias horas ayer\u00a0en zonas de todo el mundo. Por el momento,\u00a0la red social\u00a0no ha informado sobre la causa del fallo. Expertos en inform\u00e1tica apuntan a que este ha podido deberse a un problema en los sistemas de dominio (DNS), que [&hellip;]<\/p>\n","protected":false},"author":2,"featured_media":95425,"comment_status":"open","ping_status":"open","sticky":false,"template":"","format":"standard","meta":{"footnotes":""},"categories":[57],"tags":[],"class_list":["post-95424","post","type-post","status-publish","format-standard","has-post-thumbnail","hentry","category-tecnologia"],"_links":{"self":[{"href":"http:\/\/elcuartopoder.com.mx\/nw\/wp-json\/wp\/v2\/posts\/95424","targetHints":{"allow":["GET"]}}],"collection":[{"href":"http:\/\/elcuartopoder.com.mx\/nw\/wp-json\/wp\/v2\/posts"}],"about":[{"href":"http:\/\/elcuartopoder.com.mx\/nw\/wp-json\/wp\/v2\/types\/post"}],"author":[{"embeddable":true,"href":"http:\/\/elcuartopoder.com.mx\/nw\/wp-json\/wp\/v2\/users\/2"}],"replies":[{"embeddable":true,"href":"http:\/\/elcuartopoder.com.mx\/nw\/wp-json\/wp\/v2\/comments?post=95424"}],"version-history":[{"count":1,"href":"http:\/\/elcuartopoder.com.mx\/nw\/wp-json\/wp\/v2\/posts\/95424\/revisions"}],"predecessor-version":[{"id":95426,"href":"http:\/\/elcuartopoder.com.mx\/nw\/wp-json\/wp\/v2\/posts\/95424\/revisions\/95426"}],"wp:featuredmedia":[{"embeddable":true,"href":"http:\/\/elcuartopoder.com.mx\/nw\/wp-json\/wp\/v2\/media\/95425"}],"wp:attachment":[{"href":"http:\/\/elcuartopoder.com.mx\/nw\/wp-json\/wp\/v2\/media?parent=95424"}],"wp:term":[{"taxonomy":"category","embeddable":true,"href":"http:\/\/elcuartopoder.com.mx\/nw\/wp-json\/wp\/v2\/categories?post=95424"},{"taxonomy":"post_tag","embeddable":true,"href":"http:\/\/elcuartopoder.com.mx\/nw\/wp-json\/wp\/v2\/tags?post=95424"}],"curies":[{"name":"wp","href":"https:\/\/api.w.org\/{rel}","templated":true}]}}