{"id":95428,"date":"2021-10-06T10:23:10","date_gmt":"2021-10-06T15:23:10","guid":{"rendered":"http:\/\/elcuartopoder.com.mx\/nw\/?p=95428"},"modified":"2021-10-06T10:23:12","modified_gmt":"2021-10-06T15:23:12","slug":"quintana-roo-cumplio-dos-anos-y-medio-sin-transmision-local-de-paludismo","status":"publish","type":"post","link":"http:\/\/elcuartopoder.com.mx\/nw\/estatales\/quintana-roo-cumplio-dos-anos-y-medio-sin-transmision-local-de-paludismo\/","title":{"rendered":"Quintana Roo cumpli\u00f3 dos a\u00f1os y medio sin transmisi\u00f3n local de paludismo"},"content":{"rendered":"\n<p><strong>El resultado representa un punto hist\u00f3rico en el control de esta enfermedad y ubica a la entidad en la antesala de lograr la&nbsp;&nbsp;certificaci\u00f3n de la eliminaci\u00f3n de la enfermedad.<\/strong><\/p>\n\n\n\n<p><strong>Chetumal. &#8211;&nbsp;<\/strong>La secretaria de Salud, Alejandra Aguirre Crespo, inform\u00f3 que Quintana Roo lleva dos a\u00f1os y medio sin transmisi\u00f3n local de paludismo. Este logro refleja el trabajo que en conjunto ha realizado la sociedad civil, los ayuntamientos, empresarios, las unidades m\u00e9dicas y el programa de enfermedades transmitidas por vector de los Servicios Estatales de Salud.<\/p>\n\n\n\n<p>Inform\u00f3 que en el 2015 la enfermedad alcanz\u00f3 uno de los picos m\u00e1s altos de las \u00faltimas dos d\u00e9cadas al confirmar 42 casos. A\u00f1adi\u00f3 que las acciones de prevenci\u00f3n y control en las localidades prioritarias con antecedentes de esta enfermedad en los a\u00f1os posteriores permiti\u00f3 la disminuci\u00f3n de casos.<\/p>\n\n\n\n<p>Al respecto hizo notar que, en seguimiento a&nbsp;los lineamientos internacionales y nacionales,&nbsp;en la administraci\u00f3n del gobernador Carlos Joaqu\u00edn se reforz\u00f3 la&nbsp;vigilancia epidemiol\u00f3gica y se intensificaron las medidas preventivas.<\/p>\n\n\n\n<p>Precis\u00f3 que en marzo de 2019 se notificaron los \u00faltimos tres casos aut\u00f3ctonos reportados en el territorio quintanarroense y al corte de la semana epidemiol\u00f3gica n\u00famero 38 del 2021, el Estado cumpli\u00f3 2 a\u00f1os y medio sin notificaci\u00f3n de transmisi\u00f3n local.<\/p>\n\n\n\n<p>Refiri\u00f3 que entre las actividades se encuentran la promoci\u00f3n a la notificaci\u00f3n, toma de muestras, exploraci\u00f3n&nbsp;larvaria, control vectorial con aplicaci\u00f3n de larvicidas, rociado intradomiciliar, estudios entomol\u00f3gicos, perifoneo y control de criaderos con participaci\u00f3n&nbsp;comunitaria.<\/p>\n\n\n\n<p>Como parte del fortalecimiento de la participaci\u00f3n comunitaria se realizaron pl\u00e1ticas de educaci\u00f3n en salud, fomento de patio limpio y casa saludable, con lo cual se empoderan&nbsp;a las comunidades en riesgo al ser capaces de prevenir este padecimiento, con acciones sencillas de eliminaci\u00f3n y modificaci\u00f3n de h\u00e1bitats del vector.<\/p>\n\n\n\n<p>Este resultado, dijo, representa un punto hist\u00f3rico en el estado en el control de esta enfermedad, y ubica a Quintana Roo en la antesala de lograr la eliminaci\u00f3n de transmisi\u00f3n local, con lo que se contribuye para que el pa\u00eds participe en el proceso de certificaci\u00f3n de la eliminaci\u00f3n del paludismo.&nbsp;<\/p>\n\n\n\n<p>As\u00ed mismo hizo un reconocimiento a la labor y compromiso del personal de vectores ya que a trav\u00e9s de su desempe\u00f1o se ha logrado mantener a raya al mosquito portador de estas enfermedades.<\/p>\n\n\n\n<ul class=\"wp-block-gallery columns-3 is-cropped wp-block-gallery-1 is-layout-flex wp-block-gallery-is-layout-flex\"><li class=\"blocks-gallery-item\"><figure><img loading=\"lazy\" decoding=\"async\" width=\"960\" height=\"720\" src=\"http:\/\/elcuartopoder.com.mx\/nw\/wp-content\/uploads\/2021\/10\/0001.jpg\" alt=\"\" data-id=\"95429\" data-link=\"http:\/\/elcuartopoder.com.mx\/nw\/?attachment_id=95429\" class=\"wp-image-95429\" srcset=\"http:\/\/elcuartopoder.com.mx\/nw\/wp-content\/uploads\/2021\/10\/0001.jpg 960w, http:\/\/elcuartopoder.com.mx\/nw\/wp-content\/uploads\/2021\/10\/0001-300x225.jpg 300w, http:\/\/elcuartopoder.com.mx\/nw\/wp-content\/uploads\/2021\/10\/0001-768x576.jpg 768w, http:\/\/elcuartopoder.com.mx\/nw\/wp-content\/uploads\/2021\/10\/0001-80x60.jpg 80w, http:\/\/elcuartopoder.com.mx\/nw\/wp-content\/uploads\/2021\/10\/0001-265x198.jpg 265w, http:\/\/elcuartopoder.com.mx\/nw\/wp-content\/uploads\/2021\/10\/0001-696x522.jpg 696w\" sizes=\"auto, (max-width: 960px) 100vw, 960px\" \/><\/figure><\/li><li class=\"blocks-gallery-item\"><figure><img loading=\"lazy\" decoding=\"async\" width=\"736\" height=\"515\" src=\"http:\/\/elcuartopoder.com.mx\/nw\/wp-content\/uploads\/2021\/10\/0002.jpg\" alt=\"\" data-id=\"95430\" data-link=\"http:\/\/elcuartopoder.com.mx\/nw\/?attachment_id=95430\" class=\"wp-image-95430\" srcset=\"http:\/\/elcuartopoder.com.mx\/nw\/wp-content\/uploads\/2021\/10\/0002.jpg 736w, http:\/\/elcuartopoder.com.mx\/nw\/wp-content\/uploads\/2021\/10\/0002-300x210.jpg 300w, http:\/\/elcuartopoder.com.mx\/nw\/wp-content\/uploads\/2021\/10\/0002-100x70.jpg 100w, http:\/\/elcuartopoder.com.mx\/nw\/wp-content\/uploads\/2021\/10\/0002-696x487.jpg 696w\" sizes=\"auto, (max-width: 736px) 100vw, 736px\" \/><\/figure><\/li><li class=\"blocks-gallery-item\"><figure><img loading=\"lazy\" decoding=\"async\" width=\"960\" height=\"960\" src=\"http:\/\/elcuartopoder.com.mx\/nw\/wp-content\/uploads\/2021\/10\/0003.jpg\" alt=\"\" data-id=\"95431\" data-link=\"http:\/\/elcuartopoder.com.mx\/nw\/?attachment_id=95431\" class=\"wp-image-95431\" srcset=\"http:\/\/elcuartopoder.com.mx\/nw\/wp-content\/uploads\/2021\/10\/0003.jpg 960w, http:\/\/elcuartopoder.com.mx\/nw\/wp-content\/uploads\/2021\/10\/0003-150x150.jpg 150w, http:\/\/elcuartopoder.com.mx\/nw\/wp-content\/uploads\/2021\/10\/0003-300x300.jpg 300w, http:\/\/elcuartopoder.com.mx\/nw\/wp-content\/uploads\/2021\/10\/0003-768x768.jpg 768w, http:\/\/elcuartopoder.com.mx\/nw\/wp-content\/uploads\/2021\/10\/0003-696x696.jpg 696w\" sizes=\"auto, (max-width: 960px) 100vw, 960px\" \/><\/figure><\/li><li class=\"blocks-gallery-item\"><figure><img loading=\"lazy\" decoding=\"async\" width=\"960\" height=\"960\" src=\"http:\/\/elcuartopoder.com.mx\/nw\/wp-content\/uploads\/2021\/10\/0004.jpg\" alt=\"\" data-id=\"95432\" data-link=\"http:\/\/elcuartopoder.com.mx\/nw\/?attachment_id=95432\" class=\"wp-image-95432\" srcset=\"http:\/\/elcuartopoder.com.mx\/nw\/wp-content\/uploads\/2021\/10\/0004.jpg 960w, http:\/\/elcuartopoder.com.mx\/nw\/wp-content\/uploads\/2021\/10\/0004-150x150.jpg 150w, http:\/\/elcuartopoder.com.mx\/nw\/wp-content\/uploads\/2021\/10\/0004-300x300.jpg 300w, http:\/\/elcuartopoder.com.mx\/nw\/wp-content\/uploads\/2021\/10\/0004-768x768.jpg 768w, http:\/\/elcuartopoder.com.mx\/nw\/wp-content\/uploads\/2021\/10\/0004-696x696.jpg 696w\" sizes=\"auto, (max-width: 960px) 100vw, 960px\" \/><\/figure><\/li><\/ul>\n","protected":false},"excerpt":{"rendered":"<p>El resultado representa un punto hist\u00f3rico en el control de esta enfermedad y ubica a la entidad en la antesala de lograr la&nbsp;&nbsp;certificaci\u00f3n de la eliminaci\u00f3n de la enfermedad. Chetumal. &#8211;&nbsp;La secretaria de Salud, Alejandra Aguirre Crespo, inform\u00f3 que Quintana Roo lleva dos a\u00f1os y medio sin transmisi\u00f3n local de paludismo. Este logro refleja el [&hellip;]<\/p>\n","protected":false},"author":2,"featured_media":95432,"comment_status":"open","ping_status":"open","sticky":false,"template":"","format":"standard","meta":{"footnotes":""},"categories":[60],"tags":[],"class_list":["post-95428","post","type-post","status-publish","format-standard","has-post-thumbnail","hentry","category-estatales"],"_links":{"self":[{"href":"http:\/\/elcuartopoder.com.mx\/nw\/wp-json\/wp\/v2\/posts\/95428","targetHints":{"allow":["GET"]}}],"collection":[{"href":"http:\/\/elcuartopoder.com.mx\/nw\/wp-json\/wp\/v2\/posts"}],"about":[{"href":"http:\/\/elcuartopoder.com.mx\/nw\/wp-json\/wp\/v2\/types\/post"}],"author":[{"embeddable":true,"href":"http:\/\/elcuartopoder.com.mx\/nw\/wp-json\/wp\/v2\/users\/2"}],"replies":[{"embeddable":true,"href":"http:\/\/elcuartopoder.com.mx\/nw\/wp-json\/wp\/v2\/comments?post=95428"}],"version-history":[{"count":1,"href":"http:\/\/elcuartopoder.com.mx\/nw\/wp-json\/wp\/v2\/posts\/95428\/revisions"}],"predecessor-version":[{"id":95433,"href":"http:\/\/elcuartopoder.com.mx\/nw\/wp-json\/wp\/v2\/posts\/95428\/revisions\/95433"}],"wp:featuredmedia":[{"embeddable":true,"href":"http:\/\/elcuartopoder.com.mx\/nw\/wp-json\/wp\/v2\/media\/95432"}],"wp:attachment":[{"href":"http:\/\/elcuartopoder.com.mx\/nw\/wp-json\/wp\/v2\/media?parent=95428"}],"wp:term":[{"taxonomy":"category","embeddable":true,"href":"http:\/\/elcuartopoder.com.mx\/nw\/wp-json\/wp\/v2\/categories?post=95428"},{"taxonomy":"post_tag","embeddable":true,"href":"http:\/\/elcuartopoder.com.mx\/nw\/wp-json\/wp\/v2\/tags?post=95428"}],"curies":[{"name":"wp","href":"https:\/\/api.w.org\/{rel}","templated":true}]}}