{"id":95853,"date":"2021-10-14T19:42:21","date_gmt":"2021-10-15T00:42:21","guid":{"rendered":"http:\/\/elcuartopoder.com.mx\/nw\/?p=95853"},"modified":"2021-10-14T19:42:23","modified_gmt":"2021-10-15T00:42:23","slug":"conalep-el-dia-de-hoy-nuestro-director-general-el-mtro-anibal-montalvo-perez-se-reunio-con-la-presidenta-municipal-de-felipe-carrillo-puerto","status":"publish","type":"post","link":"http:\/\/elcuartopoder.com.mx\/nw\/municipales\/conalep-el-dia-de-hoy-nuestro-director-general-el-mtro-anibal-montalvo-perez-se-reunio-con-la-presidenta-municipal-de-felipe-carrillo-puerto\/","title":{"rendered":"CONALEP: El d\u00eda de hoy nuestro Director General, el Mtro.  An\u00edbal Montalvo P\u00e9rez, se reuni\u00f3 con la Presidenta Municipal de Felipe Carrillo Puerto."},"content":{"rendered":"\n<p>\n\nEl d\u00eda de hoy nuestro Director General, el Mtro.  <a href=\"https:\/\/www.facebook.com\/AnibalMontalvoP\/?__cft__[0]=AZVm8xGNH3pDNIy_0F8I7VLWQS-gQ2Dl1voF81sFjtQKpOFhK5WqH8wPc1ExukzzXXJVJW4UFhFZ0UHtMrdjMSSKp2kZuFhemNg5tCluw-TBED8271IiR7B4MihJkwJLbH7p6dM6ttHXZqswSQM1GZF_&amp;__tn__=kK-R\">An\u00edbal Montalvo P\u00e9rez<\/a>, se reuni\u00f3 con la Presidenta Municipal del <a href=\"https:\/\/www.facebook.com\/AyuntamientoFCP\/?__cft__[0]=AZVm8xGNH3pDNIy_0F8I7VLWQS-gQ2Dl1voF81sFjtQKpOFhK5WqH8wPc1ExukzzXXJVJW4UFhFZ0UHtMrdjMSSKp2kZuFhemNg5tCluw-TBED8271IiR7B4MihJkwJLbH7p6dM6ttHXZqswSQM1GZF_&amp;__tn__=kK-R\">Ayuntamiento de Felipe Carrillo Puerto<\/a>, la Lic. <a href=\"https:\/\/www.facebook.com\/MaryHernandezFCP\/?__cft__[0]=AZVm8xGNH3pDNIy_0F8I7VLWQS-gQ2Dl1voF81sFjtQKpOFhK5WqH8wPc1ExukzzXXJVJW4UFhFZ0UHtMrdjMSSKp2kZuFhemNg5tCluw-TBED8271IiR7B4MihJkwJLbH7p6dM6ttHXZqswSQM1GZF_&amp;__tn__=kK-R\">Mary Hern\u00e1ndez<\/a>,  con el fin de construir un esquema de colaboraci\u00f3n conjunta para beneficio del colegio de esta ciudad y del municipio. Durante la reuni\u00f3n, la Presidenta Municipal reconoci\u00f3 el liderazgo de los alumnos del CONALEP y que la continuidad en la formaci\u00f3n acad\u00e9mica es fundamental  para el desarrollo de la regi\u00f3n.Durante su intervenci\u00f3n, el Director general plante\u00f3 algunos temas para mejorar las condiciones de acceso y seguridad de nuestros estudiantes y personal que acuden a nuestro colegio, as\u00ed como algunos proyectos transversales de impacto para el desarrollo de la regi\u00f3n y en beneficio del CONALEP y del municipio. Agradecemos la total disposici\u00f3n de la Presidenta municipal y su equipo de trabajo.  <a href=\"https:\/\/www.facebook.com\/hashtag\/formaci%C3%B3nquedejahuella?__eep__=6&amp;__cft__[0]=AZVm8xGNH3pDNIy_0F8I7VLWQS-gQ2Dl1voF81sFjtQKpOFhK5WqH8wPc1ExukzzXXJVJW4UFhFZ0UHtMrdjMSSKp2kZuFhemNg5tCluw-TBED8271IiR7B4MihJkwJLbH7p6dM6ttHXZqswSQM1GZF_&amp;__tn__=*NK-R\">#Formaci\u00f3nQueDejaHuella<\/a><\/p>\n","protected":false},"excerpt":{"rendered":"<p>El d\u00eda de hoy nuestro Director General, el Mtro. An\u00edbal Montalvo P\u00e9rez, se reuni\u00f3 con la Presidenta Municipal del Ayuntamiento de Felipe Carrillo Puerto, la Lic. Mary Hern\u00e1ndez, con el fin de construir un esquema de colaboraci\u00f3n conjunta para beneficio del colegio de esta ciudad y del municipio. Durante la reuni\u00f3n, la Presidenta Municipal reconoci\u00f3 [&hellip;]<\/p>\n","protected":false},"author":2,"featured_media":95854,"comment_status":"open","ping_status":"open","sticky":false,"template":"","format":"standard","meta":{"footnotes":""},"categories":[6],"tags":[],"class_list":["post-95853","post","type-post","status-publish","format-standard","has-post-thumbnail","hentry","category-municipales"],"_links":{"self":[{"href":"http:\/\/elcuartopoder.com.mx\/nw\/wp-json\/wp\/v2\/posts\/95853","targetHints":{"allow":["GET"]}}],"collection":[{"href":"http:\/\/elcuartopoder.com.mx\/nw\/wp-json\/wp\/v2\/posts"}],"about":[{"href":"http:\/\/elcuartopoder.com.mx\/nw\/wp-json\/wp\/v2\/types\/post"}],"author":[{"embeddable":true,"href":"http:\/\/elcuartopoder.com.mx\/nw\/wp-json\/wp\/v2\/users\/2"}],"replies":[{"embeddable":true,"href":"http:\/\/elcuartopoder.com.mx\/nw\/wp-json\/wp\/v2\/comments?post=95853"}],"version-history":[{"count":1,"href":"http:\/\/elcuartopoder.com.mx\/nw\/wp-json\/wp\/v2\/posts\/95853\/revisions"}],"predecessor-version":[{"id":95855,"href":"http:\/\/elcuartopoder.com.mx\/nw\/wp-json\/wp\/v2\/posts\/95853\/revisions\/95855"}],"wp:featuredmedia":[{"embeddable":true,"href":"http:\/\/elcuartopoder.com.mx\/nw\/wp-json\/wp\/v2\/media\/95854"}],"wp:attachment":[{"href":"http:\/\/elcuartopoder.com.mx\/nw\/wp-json\/wp\/v2\/media?parent=95853"}],"wp:term":[{"taxonomy":"category","embeddable":true,"href":"http:\/\/elcuartopoder.com.mx\/nw\/wp-json\/wp\/v2\/categories?post=95853"},{"taxonomy":"post_tag","embeddable":true,"href":"http:\/\/elcuartopoder.com.mx\/nw\/wp-json\/wp\/v2\/tags?post=95853"}],"curies":[{"name":"wp","href":"https:\/\/api.w.org\/{rel}","templated":true}]}}