{"id":95856,"date":"2021-10-15T08:48:53","date_gmt":"2021-10-15T13:48:53","guid":{"rendered":"http:\/\/elcuartopoder.com.mx\/nw\/?p=95856"},"modified":"2021-10-15T08:48:55","modified_gmt":"2021-10-15T13:48:55","slug":"aislado-el-ex-gobernador-javier-duarte-por-sospecha-de-covid-19","status":"publish","type":"post","link":"http:\/\/elcuartopoder.com.mx\/nw\/nacionales\/aislado-el-ex-gobernador-javier-duarte-por-sospecha-de-covid-19\/","title":{"rendered":"Aislado el ex gobernador Javier Duarte por sospecha de COVID-19"},"content":{"rendered":"\n<p>Autoridades del Reclusorio Norte de la Ciudad de M\u00e9xico aislaron a Javier Duarte, ex gobernador de Veracruz, por sospecha de COVID-19.<\/p>\n\n\n\n<p>El periodista Carlos Jim\u00e9nez detall\u00f3 que el exmandatario estatal veracruzano tuvo contacto con una visita que tuvo contagio confimado de coronavirus.<\/p>\n\n\n\n<p>\u201cHoy esperan realizarle (a Duarte) la prueba de PCR para confirmar o descartar su contagio. La primera (prueba) dio negativo\u201d, expres\u00f3 el periodista en sus redes sociales este jueves.<\/p>\n\n\n\n<p>Hsta el momento, autoridades penitenciarias de la Ciudad de M\u00e9xico no han a conocer un pare m\u00e9dico al respecto.<\/p>\n\n\n\n<p>Duarte de Ochoa, quien dej\u00f3 el Gobierno de Veracruz en 2016 y huy\u00f3 a Guatemala, fue detenido en 2017 y condenado a nueve a\u00f1os de prisi\u00f3n en septiembre de 2018 tras declararse culpable de los delitos de asociaci\u00f3n delictiva y lavado de dinero.<\/p>\n\n\n\n<p>Con informaci\u00f3n de L\u00f3pez-D\u00f3riga Digital<\/p>\n\n\n\n<p><strong>Fuente:<\/strong> marcrixnoticias<\/p>\n","protected":false},"excerpt":{"rendered":"<p>Autoridades del Reclusorio Norte de la Ciudad de M\u00e9xico aislaron a Javier Duarte, ex gobernador de Veracruz, por sospecha de COVID-19. El periodista Carlos Jim\u00e9nez detall\u00f3 que el exmandatario estatal veracruzano tuvo contacto con una visita que tuvo contagio confimado de coronavirus. \u201cHoy esperan realizarle (a Duarte) la prueba de PCR para confirmar o descartar [&hellip;]<\/p>\n","protected":false},"author":2,"featured_media":95857,"comment_status":"open","ping_status":"open","sticky":false,"template":"","format":"standard","meta":{"footnotes":""},"categories":[55],"tags":[],"class_list":["post-95856","post","type-post","status-publish","format-standard","has-post-thumbnail","hentry","category-nacionales"],"_links":{"self":[{"href":"http:\/\/elcuartopoder.com.mx\/nw\/wp-json\/wp\/v2\/posts\/95856","targetHints":{"allow":["GET"]}}],"collection":[{"href":"http:\/\/elcuartopoder.com.mx\/nw\/wp-json\/wp\/v2\/posts"}],"about":[{"href":"http:\/\/elcuartopoder.com.mx\/nw\/wp-json\/wp\/v2\/types\/post"}],"author":[{"embeddable":true,"href":"http:\/\/elcuartopoder.com.mx\/nw\/wp-json\/wp\/v2\/users\/2"}],"replies":[{"embeddable":true,"href":"http:\/\/elcuartopoder.com.mx\/nw\/wp-json\/wp\/v2\/comments?post=95856"}],"version-history":[{"count":1,"href":"http:\/\/elcuartopoder.com.mx\/nw\/wp-json\/wp\/v2\/posts\/95856\/revisions"}],"predecessor-version":[{"id":95858,"href":"http:\/\/elcuartopoder.com.mx\/nw\/wp-json\/wp\/v2\/posts\/95856\/revisions\/95858"}],"wp:featuredmedia":[{"embeddable":true,"href":"http:\/\/elcuartopoder.com.mx\/nw\/wp-json\/wp\/v2\/media\/95857"}],"wp:attachment":[{"href":"http:\/\/elcuartopoder.com.mx\/nw\/wp-json\/wp\/v2\/media?parent=95856"}],"wp:term":[{"taxonomy":"category","embeddable":true,"href":"http:\/\/elcuartopoder.com.mx\/nw\/wp-json\/wp\/v2\/categories?post=95856"},{"taxonomy":"post_tag","embeddable":true,"href":"http:\/\/elcuartopoder.com.mx\/nw\/wp-json\/wp\/v2\/tags?post=95856"}],"curies":[{"name":"wp","href":"https:\/\/api.w.org\/{rel}","templated":true}]}}