{"id":95859,"date":"2021-10-15T08:53:12","date_gmt":"2021-10-15T13:53:12","guid":{"rendered":"http:\/\/elcuartopoder.com.mx\/nw\/?p=95859"},"modified":"2021-10-15T08:53:13","modified_gmt":"2021-10-15T13:53:13","slug":"sicarios-se-meten-hasta-el-bano-y-balean-de-gravedad-a-hombre-en-la-region-235-de-cancun","status":"publish","type":"post","link":"http:\/\/elcuartopoder.com.mx\/nw\/policiacas\/sicarios-se-meten-hasta-el-bano-y-balean-de-gravedad-a-hombre-en-la-region-235-de-cancun\/","title":{"rendered":"Sicarios se meten hasta el ba\u00f1o y balean de gravedad a hombre en la Regi\u00f3n 235 de Canc\u00fan"},"content":{"rendered":"\n<p>La violencia continu\u00f3 la tarde la tarde de hoy en la Regi\u00f3n 235 de Canc\u00fan, en donde sujetos armados persiguieron a su v\u00edctima adentro de su vivienda y en el ba\u00f1o casi vaciaron su arma de fuego contra \u00e9l, aun con vida, el hombre fue llevado al Hospital General.<\/p>\n\n\n\n<p>Los hechos se reportaron la tarde de hoy jueves, en la colonia irregular conocida como La Cadena, en la citada regi\u00f3n, seg\u00fan el reporte que ingres\u00f3 al n\u00famero de emergencia 911.<\/p>\n\n\n\n<p>Los sujetos llegaron a una humilde vivienda y despu\u00e9s de ubicar al sujeto por el que iban, le empezaron disparar, pero este corri\u00f3 para esconderse, sin embargo, los sicarios lo alcanzaron en el ba\u00f1o, donde lo hirieron de gravedad.<\/p>\n\n\n\n<p>Al sitio llegaron param\u00e9dicos de la Cruz Roja quienes lo subieron a una ambulancia y lo trasladaron grave al Hospital General, donde ingres\u00f3 directo al quir\u00f3fano.<\/p>\n\n\n\n<p>Los elementos de la Polic\u00eda Quintana Roo realizaron un operativo por la zona, ya que versiones de testigos, refirieron que los responsables viven cerca del lugar, sin embargo, no lograron ubicarlos.<\/p>\n\n\n\n<p>Las autoridades polic\u00edacas, en el lugar, aseguraron unas dosis de droga, as\u00ed como una lista con nombres y cantidades de dinero.<\/p>\n\n\n\n<p>El lugar fue sitiado por las corporaciones polic\u00edacas y autoridades militares, en espera de que la zona fuera procesada por la Fiscal\u00eda.<\/p>\n\n\n\n<p><strong>Fuente:<\/strong> marcrixnoticias<\/p>\n","protected":false},"excerpt":{"rendered":"<p>La violencia continu\u00f3 la tarde la tarde de hoy en la Regi\u00f3n 235 de Canc\u00fan, en donde sujetos armados persiguieron a su v\u00edctima adentro de su vivienda y en el ba\u00f1o casi vaciaron su arma de fuego contra \u00e9l, aun con vida, el hombre fue llevado al Hospital General. Los hechos se reportaron la tarde [&hellip;]<\/p>\n","protected":false},"author":2,"featured_media":95860,"comment_status":"open","ping_status":"open","sticky":false,"template":"","format":"standard","meta":{"footnotes":""},"categories":[23],"tags":[],"class_list":["post-95859","post","type-post","status-publish","format-standard","has-post-thumbnail","hentry","category-policiacas"],"_links":{"self":[{"href":"http:\/\/elcuartopoder.com.mx\/nw\/wp-json\/wp\/v2\/posts\/95859","targetHints":{"allow":["GET"]}}],"collection":[{"href":"http:\/\/elcuartopoder.com.mx\/nw\/wp-json\/wp\/v2\/posts"}],"about":[{"href":"http:\/\/elcuartopoder.com.mx\/nw\/wp-json\/wp\/v2\/types\/post"}],"author":[{"embeddable":true,"href":"http:\/\/elcuartopoder.com.mx\/nw\/wp-json\/wp\/v2\/users\/2"}],"replies":[{"embeddable":true,"href":"http:\/\/elcuartopoder.com.mx\/nw\/wp-json\/wp\/v2\/comments?post=95859"}],"version-history":[{"count":1,"href":"http:\/\/elcuartopoder.com.mx\/nw\/wp-json\/wp\/v2\/posts\/95859\/revisions"}],"predecessor-version":[{"id":95861,"href":"http:\/\/elcuartopoder.com.mx\/nw\/wp-json\/wp\/v2\/posts\/95859\/revisions\/95861"}],"wp:featuredmedia":[{"embeddable":true,"href":"http:\/\/elcuartopoder.com.mx\/nw\/wp-json\/wp\/v2\/media\/95860"}],"wp:attachment":[{"href":"http:\/\/elcuartopoder.com.mx\/nw\/wp-json\/wp\/v2\/media?parent=95859"}],"wp:term":[{"taxonomy":"category","embeddable":true,"href":"http:\/\/elcuartopoder.com.mx\/nw\/wp-json\/wp\/v2\/categories?post=95859"},{"taxonomy":"post_tag","embeddable":true,"href":"http:\/\/elcuartopoder.com.mx\/nw\/wp-json\/wp\/v2\/tags?post=95859"}],"curies":[{"name":"wp","href":"https:\/\/api.w.org\/{rel}","templated":true}]}}