{"id":95863,"date":"2021-10-15T11:23:09","date_gmt":"2021-10-15T16:23:09","guid":{"rendered":"http:\/\/elcuartopoder.com.mx\/nw\/?p=95863"},"modified":"2021-10-15T11:23:11","modified_gmt":"2021-10-15T16:23:11","slug":"juez-ordeno-encarcelarme-en-prision-de-maxima-seguridad-ines-gomez-mont","status":"publish","type":"post","link":"http:\/\/elcuartopoder.com.mx\/nw\/destacadas\/juez-ordeno-encarcelarme-en-prision-de-maxima-seguridad-ines-gomez-mont\/","title":{"rendered":"Juez orden\u00f3 encarcelarme en prisi\u00f3n de m\u00e1xima seguridad; In\u00e9s G\u00f3mez Mont"},"content":{"rendered":"\n<p><strong>In\u00e9s G\u00f3mez Mont<\/strong>, quien junto a su esposo\u00a0<strong>V\u00edctor Manuel \u00c1lvarez Puga<\/strong>\u00a0enfrenta acusaciones por\u00a0<strong>operaciones con recursos de procedencia il\u00edcita, delincuencia organizada<\/strong>\u00a0y\u00a0<strong>peculado<\/strong>, dijo tener temor de la\u00a0<strong>\u201cpersecuci\u00f3n de mala fe\u201d<\/strong>\u00a0que las autoridades mantienen en su contra despu\u00e9s de que un juez ordenara encarcelarlos en una\u00a0<strong>prisi\u00f3n de m\u00e1xima seguridad.<\/strong><\/p>\n\n\n\n<p>La conductora public\u00f3 a trav\u00e9s de su cuenta de<strong>&nbsp;Instagram<\/strong>&nbsp;un comunicado, en el que explica que tal y como lo previ\u00f3 en una misiva anterior, podr\u00edan liberar m\u00e1s&nbsp;<strong>\u00f3rdenes de aprehensi\u00f3n<\/strong>&nbsp;en su contra debido a asuntos fiscales.&nbsp;<\/p>\n\n\n\n<p>De acuerdo con lo escrito por&nbsp;<strong>G\u00f3mez Mont<\/strong>, ella y su pareja ya hab\u00edan llegado a acuerdos conclusivos con el&nbsp;<strong>Servicio de Administraci\u00f3n Tributaria (SAT)<\/strong>&nbsp;y la&nbsp;<strong>Procuradur\u00eda de Defensa del Contribuyente (Prodecon).<\/strong><\/p>\n\n\n\n<p>Seg\u00fan la conductora, gracias al ruido provocado por la prensa durante el pasado&nbsp;<strong>martes 12<\/strong>&nbsp;y la ma\u00f1ana del&nbsp;<strong>mi\u00e9rcoles 13 de octubre<\/strong>, pudo darse cuenta de la supuesta&nbsp;<strong>persecuci\u00f3n<\/strong>&nbsp;de la que es v\u00edctima.&nbsp;<\/p>\n\n\n\n<p>\u201cEstos abusos se suman a los reportados ayer y hoy mi\u00e9rcoles por la ma\u00f1ana en la prensa, que revelan la persecuci\u00f3n de mala fe de la que mi esposo y yo somos objeto\u201d, asegur\u00f3.<\/p>\n\n\n\n<p>G\u00f3mez Mont destaca tres puntos principales de su situaci\u00f3n, abordados por la prensa, y que dan muestra del acoso al que presuntamente est\u00e1 sometida.&nbsp;<\/p>\n\n\n\n<p>Primero, se\u00f1al\u00f3 a&nbsp;<strong>Carlos Romero Aranda, Procurador Fiscal de la Secretar\u00eda de Hacienda y Cr\u00e9dito P\u00fablico (SHCP)<\/strong>, quien presuntamente inici\u00f3 un&nbsp;<strong>procedimiento penal<\/strong>&nbsp;en contra de ella y su esposo \u201ca\u00fan y cuando no ten\u00eda facultades legales para hacerlo. No estaba autorizado legalmente\u201d, aseverando que este tiene una gran \u201csed de persecuci\u00f3n\u201d, en contra de ella y de \u00c1lvarez Puga.<\/p>\n\n\n\n<p>Despu\u00e9s, afirm\u00f3 que el pasado&nbsp;<strong>10 de octubre<\/strong>&nbsp;autoridades, de las que desconoce su identidad, mintieron a la prensa asegurando que exist\u00eda una&nbsp;<strong>orden de aprehensi\u00f3n<\/strong>&nbsp;en su contra.&nbsp;<\/p>\n\n\n\n<p>Por ello, G\u00f3mez Mont cree que para ellos era m\u00e1s importante que ella fuera \u201cjuzgada y condenada en el foro de la opini\u00f3n p\u00fablica\u201d, a que realmente existiera una orden de aprehensi\u00f3n.&nbsp;<\/p>\n\n\n\n<p>Como tercer punto, culp\u00f3 al<strong>&nbsp;juez Iv\u00e1n Zefer\u00edn Hern\u00e1ndez<\/strong>&nbsp;por confabular con el Fiscal Romero Anda tras emitir la orden de aprehensi\u00f3n esperada por el Procurador.<\/p>\n\n\n\n<p>\u201cEs lamentable pues pudo habernos dado oportunidad de acudir en libertad para desmentir cualquier imputaci\u00f3n. Esa oportunidad ya no existe: El juez orden\u00f3 encarcelarnos en una prisi\u00f3n de m\u00e1xima seguridad\u201d, dijo G\u00f3mez Mont.&nbsp;<\/p>\n\n\n\n<p>Por \u00faltimo G\u00f3mez Mont mostr\u00f3 su miedo en que estos abusos contin\u00faen, sin embargo, dijo tener esperanza en que la verdad ser\u00e1 revelada y podr\u00e1n demostrar su&nbsp;<strong>inocencia.&nbsp;<\/strong><\/p>\n\n\n\n<p>\u201cLo repito y lo sostengo: soy inocente y esto es una injusticia. Me quieren callar pero seguir\u00e9 levantando la voz con todas mis fuerzas\u201d, concluy\u00f3.<\/p>\n\n\n\n<p><strong>Fuente: <\/strong>marcrixnoticias<\/p>\n","protected":false},"excerpt":{"rendered":"<p>In\u00e9s G\u00f3mez Mont, quien junto a su esposo\u00a0V\u00edctor Manuel \u00c1lvarez Puga\u00a0enfrenta acusaciones por\u00a0operaciones con recursos de procedencia il\u00edcita, delincuencia organizada\u00a0y\u00a0peculado, dijo tener temor de la\u00a0\u201cpersecuci\u00f3n de mala fe\u201d\u00a0que las autoridades mantienen en su contra despu\u00e9s de que un juez ordenara encarcelarlos en una\u00a0prisi\u00f3n de m\u00e1xima seguridad. La conductora public\u00f3 a trav\u00e9s de su cuenta de&nbsp;Instagram&nbsp;un [&hellip;]<\/p>\n","protected":false},"author":2,"featured_media":95864,"comment_status":"open","ping_status":"open","sticky":false,"template":"","format":"standard","meta":{"footnotes":""},"categories":[59],"tags":[],"class_list":["post-95863","post","type-post","status-publish","format-standard","has-post-thumbnail","hentry","category-destacadas"],"_links":{"self":[{"href":"http:\/\/elcuartopoder.com.mx\/nw\/wp-json\/wp\/v2\/posts\/95863","targetHints":{"allow":["GET"]}}],"collection":[{"href":"http:\/\/elcuartopoder.com.mx\/nw\/wp-json\/wp\/v2\/posts"}],"about":[{"href":"http:\/\/elcuartopoder.com.mx\/nw\/wp-json\/wp\/v2\/types\/post"}],"author":[{"embeddable":true,"href":"http:\/\/elcuartopoder.com.mx\/nw\/wp-json\/wp\/v2\/users\/2"}],"replies":[{"embeddable":true,"href":"http:\/\/elcuartopoder.com.mx\/nw\/wp-json\/wp\/v2\/comments?post=95863"}],"version-history":[{"count":1,"href":"http:\/\/elcuartopoder.com.mx\/nw\/wp-json\/wp\/v2\/posts\/95863\/revisions"}],"predecessor-version":[{"id":95865,"href":"http:\/\/elcuartopoder.com.mx\/nw\/wp-json\/wp\/v2\/posts\/95863\/revisions\/95865"}],"wp:featuredmedia":[{"embeddable":true,"href":"http:\/\/elcuartopoder.com.mx\/nw\/wp-json\/wp\/v2\/media\/95864"}],"wp:attachment":[{"href":"http:\/\/elcuartopoder.com.mx\/nw\/wp-json\/wp\/v2\/media?parent=95863"}],"wp:term":[{"taxonomy":"category","embeddable":true,"href":"http:\/\/elcuartopoder.com.mx\/nw\/wp-json\/wp\/v2\/categories?post=95863"},{"taxonomy":"post_tag","embeddable":true,"href":"http:\/\/elcuartopoder.com.mx\/nw\/wp-json\/wp\/v2\/tags?post=95863"}],"curies":[{"name":"wp","href":"https:\/\/api.w.org\/{rel}","templated":true}]}}