{"id":95866,"date":"2021-10-15T11:26:21","date_gmt":"2021-10-15T16:26:21","guid":{"rendered":"http:\/\/elcuartopoder.com.mx\/nw\/?p=95866"},"modified":"2021-10-15T11:26:23","modified_gmt":"2021-10-15T16:26:23","slug":"semaforo-de-quintana-roo-se-mantiene-igual-medio-estado-en-verde-y-medio-en-amarillo","status":"publish","type":"post","link":"http:\/\/elcuartopoder.com.mx\/nw\/estatales\/semaforo-de-quintana-roo-se-mantiene-igual-medio-estado-en-verde-y-medio-en-amarillo\/","title":{"rendered":"Sem\u00e1foro de Quintana Roo se mantiene igual, medio estado en verde y medio en amarillo"},"content":{"rendered":"\n<p>El sem\u00e1foro epidemiol\u00f3gico estatal de Quintana Roo se mantiene igual que la semana pasada, es decir, medio estado en amarillo y medio en verde.<\/p>\n\n\n\n<figure class=\"wp-block-image\"><img loading=\"lazy\" decoding=\"async\" width=\"569\" height=\"1024\" src=\"http:\/\/elcuartopoder.com.mx\/nw\/wp-content\/uploads\/2021\/10\/Sem\u00e1foro-569x1024.jpg\" alt=\"\" class=\"wp-image-95867\" srcset=\"http:\/\/elcuartopoder.com.mx\/nw\/wp-content\/uploads\/2021\/10\/Sem\u00e1foro-569x1024.jpg 569w, http:\/\/elcuartopoder.com.mx\/nw\/wp-content\/uploads\/2021\/10\/Sem\u00e1foro-167x300.jpg 167w, http:\/\/elcuartopoder.com.mx\/nw\/wp-content\/uploads\/2021\/10\/Sem\u00e1foro-696x1252.jpg 696w, http:\/\/elcuartopoder.com.mx\/nw\/wp-content\/uploads\/2021\/10\/Sem\u00e1foro.jpg 754w\" sizes=\"auto, (max-width: 569px) 100vw, 569px\" \/><\/figure>\n\n\n\n<p>El sem\u00e1foro de esta semana estar\u00e1 vigente del lunes 18 al domingo 24 de octubre.<\/p>\n\n\n\n<p>Carlos Joaqu\u00edn, Gobernador de Quintana Roo, dio a conocer que la regi\u00f3n sur se mantiene en color amarillo, pero est\u00e1 en los l\u00edmites para poder alcanzar el verde.<\/p>\n\n\n\n<p>\u201cVale mucho la pena que incrementemos las medidas de prevenci\u00f3n\u201d, expres\u00f3 el gobernador.<\/p>\n\n\n\n<p>En la zona norte, por su parte, contin\u00faa en verde primera etapa, y digo que la velocidad de contagios es de 0.85.<\/p>\n\n\n\n<p>Mientras en la regi\u00f3n sur, la velocidad de contagios la semana pasada era de .97 y baj\u00f3 a 0.93.<\/p>\n\n\n\n<figure class=\"wp-block-embed-twitter wp-block-embed is-type-rich is-provider-twitter\"><div class=\"wp-block-embed__wrapper\">\n<blockquote class=\"twitter-tweet\" data-width=\"550\" data-dnt=\"true\"><p lang=\"es\" dir=\"ltr\">Del 18 al 24 de octubre la zona norte mantiene el color verde 1\u00aa etapa y la zona sur conserva el amarillo en el <a href=\"https:\/\/twitter.com\/hashtag\/Sem%C3%A1foroEstatal?src=hash&amp;ref_src=twsrc%5Etfw\">#Sem\u00e1foroEstatal<\/a>. Diez de los municipios de <a href=\"https:\/\/twitter.com\/hashtag\/QuintanaRoo?src=hash&amp;ref_src=twsrc%5Etfw\">#QuintanaRoo<\/a> registraron descenso en casos COVID-19, a excepci\u00f3n de Tulum. \u00a1No bajemos la guardia! <a href=\"https:\/\/twitter.com\/hashtag\/PonteVIVO?src=hash&amp;ref_src=twsrc%5Etfw\">#PonteVIVO<\/a> <a href=\"https:\/\/t.co\/dI1TxXKKxj\">pic.twitter.com\/dI1TxXKKxj<\/a><\/p>&mdash; Carlos Joaqu\u00edn (@CarlosJoaquin) <a href=\"https:\/\/twitter.com\/CarlosJoaquin\/status\/1448828957516869633?ref_src=twsrc%5Etfw\">October 15, 2021<\/a><\/blockquote><script async src=\"https:\/\/platform.twitter.com\/widgets.js\" charset=\"utf-8\"><\/script>\n<\/div><\/figure>\n","protected":false},"excerpt":{"rendered":"<p>El sem\u00e1foro epidemiol\u00f3gico estatal de Quintana Roo se mantiene igual que la semana pasada, es decir, medio estado en amarillo y medio en verde. El sem\u00e1foro de esta semana estar\u00e1 vigente del lunes 18 al domingo 24 de octubre. Carlos Joaqu\u00edn, Gobernador de Quintana Roo, dio a conocer que la regi\u00f3n sur se mantiene en [&hellip;]<\/p>\n","protected":false},"author":2,"featured_media":95868,"comment_status":"open","ping_status":"open","sticky":false,"template":"","format":"standard","meta":{"footnotes":""},"categories":[60],"tags":[],"class_list":["post-95866","post","type-post","status-publish","format-standard","has-post-thumbnail","hentry","category-estatales"],"_links":{"self":[{"href":"http:\/\/elcuartopoder.com.mx\/nw\/wp-json\/wp\/v2\/posts\/95866","targetHints":{"allow":["GET"]}}],"collection":[{"href":"http:\/\/elcuartopoder.com.mx\/nw\/wp-json\/wp\/v2\/posts"}],"about":[{"href":"http:\/\/elcuartopoder.com.mx\/nw\/wp-json\/wp\/v2\/types\/post"}],"author":[{"embeddable":true,"href":"http:\/\/elcuartopoder.com.mx\/nw\/wp-json\/wp\/v2\/users\/2"}],"replies":[{"embeddable":true,"href":"http:\/\/elcuartopoder.com.mx\/nw\/wp-json\/wp\/v2\/comments?post=95866"}],"version-history":[{"count":1,"href":"http:\/\/elcuartopoder.com.mx\/nw\/wp-json\/wp\/v2\/posts\/95866\/revisions"}],"predecessor-version":[{"id":95869,"href":"http:\/\/elcuartopoder.com.mx\/nw\/wp-json\/wp\/v2\/posts\/95866\/revisions\/95869"}],"wp:featuredmedia":[{"embeddable":true,"href":"http:\/\/elcuartopoder.com.mx\/nw\/wp-json\/wp\/v2\/media\/95868"}],"wp:attachment":[{"href":"http:\/\/elcuartopoder.com.mx\/nw\/wp-json\/wp\/v2\/media?parent=95866"}],"wp:term":[{"taxonomy":"category","embeddable":true,"href":"http:\/\/elcuartopoder.com.mx\/nw\/wp-json\/wp\/v2\/categories?post=95866"},{"taxonomy":"post_tag","embeddable":true,"href":"http:\/\/elcuartopoder.com.mx\/nw\/wp-json\/wp\/v2\/tags?post=95866"}],"curies":[{"name":"wp","href":"https:\/\/api.w.org\/{rel}","templated":true}]}}