{"id":96133,"date":"2021-10-19T08:32:40","date_gmt":"2021-10-19T13:32:40","guid":{"rendered":"http:\/\/elcuartopoder.com.mx\/nw\/?p=96133"},"modified":"2021-10-19T08:32:42","modified_gmt":"2021-10-19T13:32:42","slug":"mujer-sentenciada-por-prostituir-a-su-hija-de-10-anos-enfrentara-nuevo-proceso","status":"publish","type":"post","link":"http:\/\/elcuartopoder.com.mx\/nw\/policiacas\/mujer-sentenciada-por-prostituir-a-su-hija-de-10-anos-enfrentara-nuevo-proceso\/","title":{"rendered":"Mujer sentenciada por prostituir a su hija de 10 a\u00f1os enfrentar\u00e1 nuevo proceso"},"content":{"rendered":"\n<p>Un juez vincul\u00f3 a proceso a Elizabeth \u00abN\u00bb por el delito de trata de personas en modalidad de prostituci\u00f3n ajena u otras formas de explotaci\u00f3n sexual.<\/p>\n\n\n\n<p>Lo anterior, debido a que durante dos a\u00f1os habr\u00eda obligado a su hija de 10 a\u00f1os a sostener relaciones con hombres a cambio de dinero.<\/p>\n\n\n\n<p>Los hechos ocurrieron durante los a\u00f1os 2017 y 2018 en Ecatepec, Estado de M\u00e9xico, cuando la mujer presuntamente obligaba a la menor a sostener relaciones con hombres a cambio de dinero que usaba para comprar droga.<\/p>\n\n\n\n<p>La Fiscal\u00eda General de Justicia del Estado de M\u00e9xico logr\u00f3 determinar que, en el mes de marzo del a\u00f1o 2017, la se\u00f1alada comenz\u00f3 a explotarla sexualmente, actividad que repiti\u00f3 hasta mayo de 2018.<\/p>\n\n\n\n<p>Elizabeth \u201cN\u201d fue detenida en junio del 2019 por el delito de trata de personas en agravio de otras de sus hijas de 11 a\u00f1os de edad, por lo que fue ingresada al penal de Ecatepec, donde qued\u00f3 a disposici\u00f3n de un Juez.<\/p>\n\n\n\n<p>En junio pasado fue dictada en su contra una condena de 45 a\u00f1os de prisi\u00f3n por esos hechos, no obstante la Fiscal\u00eda mexiquense solicit\u00f3 a un Juez librar una orden de aprehensi\u00f3n en su contra por el delito de trata de personas en agravio de la otra v\u00edctima de 10 a\u00f1os. \u00a0<\/p>\n\n\n\n<figure class=\"wp-block-embed-twitter wp-block-embed is-type-rich is-provider-twitter\"><div class=\"wp-block-embed__wrapper\">\n<blockquote class=\"twitter-tweet\" data-width=\"550\" data-dnt=\"true\"><p lang=\"es\" dir=\"ltr\"><a href=\"https:\/\/twitter.com\/hashtag\/FGJEMInforma?src=hash&amp;ref_src=twsrc%5Etfw\">#FGJEMInforma<\/a>: Elizabeth \u201cN\u201d fue vinculada a proceso por el delito de trata de personas, en la modalidad de prostituci\u00f3n ajena, en 2017 y 2018 habr\u00eda obligada a su hija de entonces 10 a\u00f1os a sostener relaciones sexuales con hombres a cambio de dinero.<br>\ud83d\udd34<a href=\"https:\/\/t.co\/9QCS6GyVix\">https:\/\/t.co\/9QCS6GyVix<\/a> <a href=\"https:\/\/t.co\/ULZb52uQxn\">pic.twitter.com\/ULZb52uQxn<\/a><\/p>&mdash; Alejandro G\u00f3mez S\u00e1nchez (@FiscalEdomex) <a href=\"https:\/\/twitter.com\/FiscalEdomex\/status\/1449812577299615744?ref_src=twsrc%5Etfw\">October 17, 2021<\/a><\/blockquote><script async src=\"https:\/\/platform.twitter.com\/widgets.js\" charset=\"utf-8\"><\/script>\n<\/div><\/figure>\n\n\n\n<p><strong>Fuente:&nbsp;<\/strong>XEU<br><\/p>\n","protected":false},"excerpt":{"rendered":"<p>Un juez vincul\u00f3 a proceso a Elizabeth \u00abN\u00bb por el delito de trata de personas en modalidad de prostituci\u00f3n ajena u otras formas de explotaci\u00f3n sexual. Lo anterior, debido a que durante dos a\u00f1os habr\u00eda obligado a su hija de 10 a\u00f1os a sostener relaciones con hombres a cambio de dinero. Los hechos ocurrieron durante [&hellip;]<\/p>\n","protected":false},"author":2,"featured_media":96134,"comment_status":"open","ping_status":"open","sticky":false,"template":"","format":"standard","meta":{"footnotes":""},"categories":[23],"tags":[],"class_list":["post-96133","post","type-post","status-publish","format-standard","has-post-thumbnail","hentry","category-policiacas"],"_links":{"self":[{"href":"http:\/\/elcuartopoder.com.mx\/nw\/wp-json\/wp\/v2\/posts\/96133","targetHints":{"allow":["GET"]}}],"collection":[{"href":"http:\/\/elcuartopoder.com.mx\/nw\/wp-json\/wp\/v2\/posts"}],"about":[{"href":"http:\/\/elcuartopoder.com.mx\/nw\/wp-json\/wp\/v2\/types\/post"}],"author":[{"embeddable":true,"href":"http:\/\/elcuartopoder.com.mx\/nw\/wp-json\/wp\/v2\/users\/2"}],"replies":[{"embeddable":true,"href":"http:\/\/elcuartopoder.com.mx\/nw\/wp-json\/wp\/v2\/comments?post=96133"}],"version-history":[{"count":1,"href":"http:\/\/elcuartopoder.com.mx\/nw\/wp-json\/wp\/v2\/posts\/96133\/revisions"}],"predecessor-version":[{"id":96135,"href":"http:\/\/elcuartopoder.com.mx\/nw\/wp-json\/wp\/v2\/posts\/96133\/revisions\/96135"}],"wp:featuredmedia":[{"embeddable":true,"href":"http:\/\/elcuartopoder.com.mx\/nw\/wp-json\/wp\/v2\/media\/96134"}],"wp:attachment":[{"href":"http:\/\/elcuartopoder.com.mx\/nw\/wp-json\/wp\/v2\/media?parent=96133"}],"wp:term":[{"taxonomy":"category","embeddable":true,"href":"http:\/\/elcuartopoder.com.mx\/nw\/wp-json\/wp\/v2\/categories?post=96133"},{"taxonomy":"post_tag","embeddable":true,"href":"http:\/\/elcuartopoder.com.mx\/nw\/wp-json\/wp\/v2\/tags?post=96133"}],"curies":[{"name":"wp","href":"https:\/\/api.w.org\/{rel}","templated":true}]}}