{"id":96136,"date":"2021-10-19T08:34:46","date_gmt":"2021-10-19T13:34:46","guid":{"rendered":"http:\/\/elcuartopoder.com.mx\/nw\/?p=96136"},"modified":"2021-10-19T08:34:47","modified_gmt":"2021-10-19T13:34:47","slug":"mexicanas-van-por-medallas-al-mundial-de-gimnasia","status":"publish","type":"post","link":"http:\/\/elcuartopoder.com.mx\/nw\/entretenimiento\/deportes\/mexicanas-van-por-medallas-al-mundial-de-gimnasia\/","title":{"rendered":"Mexicanas van por medallas al Mundial de Gimnasia"},"content":{"rendered":"\n<p>Las mexicanas Paulina Campos, Cinthia Ruiz y Lousie L\u00f3pez est\u00e1n listas para abrir actividad en el Campeonato Mundial de Gimnasia Art\u00edstica en Kitakyushu, Jap\u00f3n, dentro de la calificaci\u00f3n de la subdivisi\u00f3n 9.&nbsp;<\/p>\n\n\n\n<p>Campos, Ruiz y L\u00f3pez estar\u00e1n acompa\u00f1adas por la brasile\u00f1a Rebecca Andrade y la irlandesa Emma Slevlin.&nbsp;<\/p>\n\n\n\n<p>Este lunes dio inici\u00f3 la competencia japonesa con la calificaci\u00f3n, donde Estados Unidos lidera con Leannie Wong y Kayla di Cello con 55.749 y 55.700, en ese orden.&nbsp;<\/p>\n\n\n\n<p>Las mejores 24 gimnastas podr\u00e1n avanzar a la final del All Around de la competencia del pr\u00f3ximo jueves y las ocho primeras lo har\u00e1n por aparato para el fin de semana.&nbsp;<\/p>\n\n\n\n<p>Este martes continuar\u00e1n las acciones con el salto de caballo, el cual es encabezado por la holandesa Elisabeth Geurts con 14.350, mientras que las barras asim\u00e9tricas lo comandan las chinas Xiaoyuan Wei y Rui Luo (14.733 y 14.500).&nbsp;<\/p>\n\n\n\n<p>En tanto que en viga, la china Luo va al frente con 14.566 y en el piso lidera la local Mai Murakami con 14.166.&nbsp;<\/p>\n\n\n\n<p>El mi\u00e9rcoles tocar\u00e1 el turno a la rama varonil, donde los nacionales Josu\u00e9 Ju\u00e1rez, Javier Rojo, Isaac N\u00fa\u00f1ez, Santos Mart\u00ednez y Diego Neumaier entrar\u00e1n en acci\u00f3n.<\/p>\n\n\n\n<p><strong>Fuente:&nbsp;<\/strong>XEU<br><br><\/p>\n","protected":false},"excerpt":{"rendered":"<p>Las mexicanas Paulina Campos, Cinthia Ruiz y Lousie L\u00f3pez est\u00e1n listas para abrir actividad en el Campeonato Mundial de Gimnasia Art\u00edstica en Kitakyushu, Jap\u00f3n, dentro de la calificaci\u00f3n de la subdivisi\u00f3n 9.&nbsp; Campos, Ruiz y L\u00f3pez estar\u00e1n acompa\u00f1adas por la brasile\u00f1a Rebecca Andrade y la irlandesa Emma Slevlin.&nbsp; Este lunes dio inici\u00f3 la competencia japonesa [&hellip;]<\/p>\n","protected":false},"author":2,"featured_media":96139,"comment_status":"open","ping_status":"open","sticky":false,"template":"","format":"standard","meta":{"footnotes":""},"categories":[7],"tags":[],"class_list":["post-96136","post","type-post","status-publish","format-standard","has-post-thumbnail","hentry","category-deportes"],"_links":{"self":[{"href":"http:\/\/elcuartopoder.com.mx\/nw\/wp-json\/wp\/v2\/posts\/96136","targetHints":{"allow":["GET"]}}],"collection":[{"href":"http:\/\/elcuartopoder.com.mx\/nw\/wp-json\/wp\/v2\/posts"}],"about":[{"href":"http:\/\/elcuartopoder.com.mx\/nw\/wp-json\/wp\/v2\/types\/post"}],"author":[{"embeddable":true,"href":"http:\/\/elcuartopoder.com.mx\/nw\/wp-json\/wp\/v2\/users\/2"}],"replies":[{"embeddable":true,"href":"http:\/\/elcuartopoder.com.mx\/nw\/wp-json\/wp\/v2\/comments?post=96136"}],"version-history":[{"count":1,"href":"http:\/\/elcuartopoder.com.mx\/nw\/wp-json\/wp\/v2\/posts\/96136\/revisions"}],"predecessor-version":[{"id":96140,"href":"http:\/\/elcuartopoder.com.mx\/nw\/wp-json\/wp\/v2\/posts\/96136\/revisions\/96140"}],"wp:featuredmedia":[{"embeddable":true,"href":"http:\/\/elcuartopoder.com.mx\/nw\/wp-json\/wp\/v2\/media\/96139"}],"wp:attachment":[{"href":"http:\/\/elcuartopoder.com.mx\/nw\/wp-json\/wp\/v2\/media?parent=96136"}],"wp:term":[{"taxonomy":"category","embeddable":true,"href":"http:\/\/elcuartopoder.com.mx\/nw\/wp-json\/wp\/v2\/categories?post=96136"},{"taxonomy":"post_tag","embeddable":true,"href":"http:\/\/elcuartopoder.com.mx\/nw\/wp-json\/wp\/v2\/tags?post=96136"}],"curies":[{"name":"wp","href":"https:\/\/api.w.org\/{rel}","templated":true}]}}