{"id":96152,"date":"2021-10-19T08:58:38","date_gmt":"2021-10-19T13:58:38","guid":{"rendered":"http:\/\/elcuartopoder.com.mx\/nw\/?p=96152"},"modified":"2021-10-19T08:58:39","modified_gmt":"2021-10-19T13:58:39","slug":"nuevo-comandante-de-la-34-zona-militar-presentara-propuestas-para-mejorar-el-trabajo-de-sedena-en-quintana-roo","status":"publish","type":"post","link":"http:\/\/elcuartopoder.com.mx\/nw\/politica\/nuevo-comandante-de-la-34-zona-militar-presentara-propuestas-para-mejorar-el-trabajo-de-sedena-en-quintana-roo\/","title":{"rendered":"Nuevo comandante de la 34 Zona Militar presentar\u00e1 propuestas para mejorar el trabajo de Sedena en Quintana Roo"},"content":{"rendered":"\n<p><strong>CHETUMAL, MX.-<\/strong>&nbsp;Al asumir la comandancia de la 34 Zona Militar, Roberto P\u00e9rez Ceja anticip\u00f3 que se presentar\u00e1n propuestas para mejorar el trabajo que realiza la Secretar\u00eda de la Defensa Nacional (Sedena) y de considerarlas viables ser\u00e1n puestas en marcha para coadyuvar con el combate a la delincuencia.<\/p>\n\n\n\n<p>En breve entrevista, se\u00f1al\u00f3 que Quintana Roo es un estado din\u00e1mico, importante para el pa\u00eds por lo que representa en materia tur\u00edstica y la generaci\u00f3n de divisas, y el mensaje a la poblaci\u00f3n quintanarroense es de certidumbre.<\/p>\n\n\n\n<p>Dijo que, al igual que en Tamaulipas cuya din\u00e1mica es diferente por tratarse de un Estado fronterizo con Estados Unidos, en Quintana Roo trabajar\u00e1n para acotar la actividad delictiva.<\/p>\n\n\n\n<p>P\u00e9rez Ceja dijo que conoce la problem\u00e1tica que se presenta en la frontera sur y que, a la brevedad posible, se pondr\u00e1 al corriente para dar continuidad a las acciones que implementan las fuerzas federales en la zona.<\/p>\n\n\n\n<p><strong>Fuente: <\/strong>Noticaribe<\/p>\n","protected":false},"excerpt":{"rendered":"<p>CHETUMAL, MX.-&nbsp;Al asumir la comandancia de la 34 Zona Militar, Roberto P\u00e9rez Ceja anticip\u00f3 que se presentar\u00e1n propuestas para mejorar el trabajo que realiza la Secretar\u00eda de la Defensa Nacional (Sedena) y de considerarlas viables ser\u00e1n puestas en marcha para coadyuvar con el combate a la delincuencia. En breve entrevista, se\u00f1al\u00f3 que Quintana Roo es [&hellip;]<\/p>\n","protected":false},"author":2,"featured_media":96153,"comment_status":"open","ping_status":"open","sticky":false,"template":"","format":"standard","meta":{"footnotes":""},"categories":[61],"tags":[],"class_list":["post-96152","post","type-post","status-publish","format-standard","has-post-thumbnail","hentry","category-politica"],"_links":{"self":[{"href":"http:\/\/elcuartopoder.com.mx\/nw\/wp-json\/wp\/v2\/posts\/96152","targetHints":{"allow":["GET"]}}],"collection":[{"href":"http:\/\/elcuartopoder.com.mx\/nw\/wp-json\/wp\/v2\/posts"}],"about":[{"href":"http:\/\/elcuartopoder.com.mx\/nw\/wp-json\/wp\/v2\/types\/post"}],"author":[{"embeddable":true,"href":"http:\/\/elcuartopoder.com.mx\/nw\/wp-json\/wp\/v2\/users\/2"}],"replies":[{"embeddable":true,"href":"http:\/\/elcuartopoder.com.mx\/nw\/wp-json\/wp\/v2\/comments?post=96152"}],"version-history":[{"count":1,"href":"http:\/\/elcuartopoder.com.mx\/nw\/wp-json\/wp\/v2\/posts\/96152\/revisions"}],"predecessor-version":[{"id":96154,"href":"http:\/\/elcuartopoder.com.mx\/nw\/wp-json\/wp\/v2\/posts\/96152\/revisions\/96154"}],"wp:featuredmedia":[{"embeddable":true,"href":"http:\/\/elcuartopoder.com.mx\/nw\/wp-json\/wp\/v2\/media\/96153"}],"wp:attachment":[{"href":"http:\/\/elcuartopoder.com.mx\/nw\/wp-json\/wp\/v2\/media?parent=96152"}],"wp:term":[{"taxonomy":"category","embeddable":true,"href":"http:\/\/elcuartopoder.com.mx\/nw\/wp-json\/wp\/v2\/categories?post=96152"},{"taxonomy":"post_tag","embeddable":true,"href":"http:\/\/elcuartopoder.com.mx\/nw\/wp-json\/wp\/v2\/tags?post=96152"}],"curies":[{"name":"wp","href":"https:\/\/api.w.org\/{rel}","templated":true}]}}