{"id":96161,"date":"2021-10-19T13:24:29","date_gmt":"2021-10-19T18:24:29","guid":{"rendered":"http:\/\/elcuartopoder.com.mx\/nw\/?p=96161"},"modified":"2021-10-19T13:24:31","modified_gmt":"2021-10-19T18:24:31","slug":"juez-cita-a-robles-a-audiencia-el-miercoles-podria-llevar-su-proceso-en-libertad","status":"publish","type":"post","link":"http:\/\/elcuartopoder.com.mx\/nw\/politica\/juez-cita-a-robles-a-audiencia-el-miercoles-podria-llevar-su-proceso-en-libertad\/","title":{"rendered":"Juez cita a Robles a audiencia el mi\u00e9rcoles; podr\u00eda llevar su proceso en libertad"},"content":{"rendered":"\n<p>Hace d\u00edas trascendi\u00f3 que&nbsp;<strong>Rosario Robles<\/strong>&nbsp;podr\u00eda&nbsp;<strong>abandonar la prisi\u00f3n<\/strong>&nbsp;gracias a un&nbsp;<strong>amparo<\/strong>&nbsp;que le permitir\u00e1 llevar el&nbsp;<strong>proceso en su contra en libertad<\/strong>. Hoy se sabe con exactitud que el esperado momento se resolver\u00e1 este mi\u00e9rcoles.<\/p>\n\n\n\n<blockquote class=\"wp-block-quote is-layout-flow wp-block-quote-is-layout-flow\"><p>La audiencia fue programada a las 17:00 horas, y el Juez dio la orden de notificar a las autoridades penitenciarias de la Ciudad de M\u00e9xico para que se traslade a la exfuncionaria del penal femenil de Santa Martha Acatitla.<\/p><\/blockquote>\n\n\n\n<p>El objetivo de Robles podr\u00eda cumplirse, siempre y cuando la Fiscal\u00eda General de la Rep\u00fablica (FGR) no la detenga de inmediato con una orden de aprehensi\u00f3n por un delito diferente.<\/p>\n\n\n\n<figure class=\"wp-block-image\"><img decoding=\"async\" src=\"https:\/\/i2.wp.com\/www.sinembargo.mx\/wp-content\/uploads\/2021\/10\/robles.jpg?resize=700%2C394&amp;quality=80&amp;strip=all&amp;ssl=1\" alt=\"\" class=\"wp-image-4042919\"\/><figcaption>Ganther Alejandro Villar Ceballos, juez de control del Centro de Justicia Penal Federal en el reclusorio Sur, fue notificado el viernes 15 de octubre que debe llevar a cabo la audiencia esta semana. Foto: Especial.<\/figcaption><\/figure>\n\n\n\n<p>Ganther Alejandro Villar Ceballos, Juez de control del Centro de Justicia Penal Federal en el reclusorio Sur, fue notificado el viernes 15 de octubre que debe llevar a cabo la audiencia esta semana.<\/p>\n\n\n\n<p>En d\u00edas pasados, Epigmenio Mendieta, abogado de Robles Berlanga, detall\u00f3 que tras la notificaci\u00f3n del amparo a favor de la exfuncionaria, el juez de control debe citar a las partes a una audiencia. Inform\u00f3 que la decisi\u00f3n del juez debe ser una medida cautelar distinta a la actual.<\/p>\n\n\n\n<p>Robles se encuentra privada de su libertad desde agosto de 2019, ya que la FGR la acusa dos veces del delito de ejercicio ilegal del servicio p\u00fablico por la llamada \u201cEstafa Maestra\u201d, por lo que solicit\u00f3 que se le imponga una pena de 21 a\u00f1os de prisi\u00f3n.<\/p>\n\n\n\n<p><strong>Fuente:<\/strong> sinembargo<\/p>\n","protected":false},"excerpt":{"rendered":"<p>Hace d\u00edas trascendi\u00f3 que&nbsp;Rosario Robles&nbsp;podr\u00eda&nbsp;abandonar la prisi\u00f3n&nbsp;gracias a un&nbsp;amparo&nbsp;que le permitir\u00e1 llevar el&nbsp;proceso en su contra en libertad. Hoy se sabe con exactitud que el esperado momento se resolver\u00e1 este mi\u00e9rcoles. La audiencia fue programada a las 17:00 horas, y el Juez dio la orden de notificar a las autoridades penitenciarias de la Ciudad de [&hellip;]<\/p>\n","protected":false},"author":2,"featured_media":96162,"comment_status":"open","ping_status":"open","sticky":false,"template":"","format":"standard","meta":{"footnotes":""},"categories":[61],"tags":[],"class_list":["post-96161","post","type-post","status-publish","format-standard","has-post-thumbnail","hentry","category-politica"],"_links":{"self":[{"href":"http:\/\/elcuartopoder.com.mx\/nw\/wp-json\/wp\/v2\/posts\/96161","targetHints":{"allow":["GET"]}}],"collection":[{"href":"http:\/\/elcuartopoder.com.mx\/nw\/wp-json\/wp\/v2\/posts"}],"about":[{"href":"http:\/\/elcuartopoder.com.mx\/nw\/wp-json\/wp\/v2\/types\/post"}],"author":[{"embeddable":true,"href":"http:\/\/elcuartopoder.com.mx\/nw\/wp-json\/wp\/v2\/users\/2"}],"replies":[{"embeddable":true,"href":"http:\/\/elcuartopoder.com.mx\/nw\/wp-json\/wp\/v2\/comments?post=96161"}],"version-history":[{"count":1,"href":"http:\/\/elcuartopoder.com.mx\/nw\/wp-json\/wp\/v2\/posts\/96161\/revisions"}],"predecessor-version":[{"id":96163,"href":"http:\/\/elcuartopoder.com.mx\/nw\/wp-json\/wp\/v2\/posts\/96161\/revisions\/96163"}],"wp:featuredmedia":[{"embeddable":true,"href":"http:\/\/elcuartopoder.com.mx\/nw\/wp-json\/wp\/v2\/media\/96162"}],"wp:attachment":[{"href":"http:\/\/elcuartopoder.com.mx\/nw\/wp-json\/wp\/v2\/media?parent=96161"}],"wp:term":[{"taxonomy":"category","embeddable":true,"href":"http:\/\/elcuartopoder.com.mx\/nw\/wp-json\/wp\/v2\/categories?post=96161"},{"taxonomy":"post_tag","embeddable":true,"href":"http:\/\/elcuartopoder.com.mx\/nw\/wp-json\/wp\/v2\/tags?post=96161"}],"curies":[{"name":"wp","href":"https:\/\/api.w.org\/{rel}","templated":true}]}}