{"id":96176,"date":"2021-10-19T13:41:03","date_gmt":"2021-10-19T18:41:03","guid":{"rendered":"http:\/\/elcuartopoder.com.mx\/nw\/?p=96176"},"modified":"2021-10-19T13:41:05","modified_gmt":"2021-10-19T18:41:05","slug":"avanza-procedimiento-juridico-para-modernizacion-de-boulevard-colosio","status":"publish","type":"post","link":"http:\/\/elcuartopoder.com.mx\/nw\/municipales\/avanza-procedimiento-juridico-para-modernizacion-de-boulevard-colosio\/","title":{"rendered":"AVANZA PROCEDIMIENTO JUR\u00cdDICO PARA MODERNIZACI\u00d3N DE BOULEVARD COLOSIO"},"content":{"rendered":"\n<p>El Ayuntamiento de Benito Ju\u00e1rez y la Secretar\u00eda de Comunicaciones y Transportes (SCT) firmaron el convenio jur\u00eddico que permite avanzar con los trabajos y consolidar el proyecto de la modernizaci\u00f3n y rehabilitaci\u00f3n del boulevard Luis Donaldo Colosio, puerta de entrada a este polo tur\u00edstico.<\/p>\n\n\n\n<p>\u201cHoy damos este paso fundamental para hacer realidad este compromiso para nuestro Canc\u00fan. Con hechos a la vista de todos, estamos transformando a Benito Ju\u00e1rez, para que contin\u00fae siendo un lugar de esperanza y referencia nacional de recuperaci\u00f3n econ\u00f3mica\u201d, resalt\u00f3 la Presidenta Municipal, Mara Lezama.<\/p>\n\n\n\n<p>Entrevistada al finalizar el protocolo en el Palacio Municipal, subray\u00f3 que este municipio tiene grandes aliados con el Gobierno de M\u00e9xico y cuenta con el respaldo del Presidente de la Rep\u00fablica, Andr\u00e9s Manuel L\u00f3pez Obrador, as\u00ed como de los equipos tanto de la SCT y del Fondo Nacional de Fomento al Turismo (FONATUR).<\/p>\n\n\n\n<p>Resalt\u00f3 que esta arteria no ha sido renovada desde hace m\u00e1s de 15 a\u00f1os, sin embargo tiene una gran relevancia ya que diariamente transitan por ah\u00ed m\u00e1s de 45 mil veh\u00edculos en su ruta hacia o desde el aeropuerto.<\/p>\n\n\n\n<p>\u201cCanc\u00fan es la puerta de entrada al Caribe Mexicano y la cara visible de M\u00e9xico ante el mundo. Esta es la \u00fanica v\u00eda de interconexi\u00f3n terrestre entre destinos de la zona como Riviera Maya, Isla Mujeres y Puerto Morelos, adem\u00e1s es precisamente tambi\u00e9n la \u00fanica manera de acceso terrestre a nuestro aeropuerto internacional que recibe en promedio a 25 millones de turistas al a\u00f1o y tiene hasta 100 mil operaciones a\u00e9reas anuales\u201d, manifest\u00f3.<\/p>\n\n\n\n<figure class=\"wp-block-image\"><img loading=\"lazy\" decoding=\"async\" width=\"1024\" height=\"555\" src=\"http:\/\/elcuartopoder.com.mx\/nw\/wp-content\/uploads\/2021\/10\/01-2-1024x555.jpeg\" alt=\"\" class=\"wp-image-96178\" srcset=\"http:\/\/elcuartopoder.com.mx\/nw\/wp-content\/uploads\/2021\/10\/01-2-1024x555.jpeg 1024w, http:\/\/elcuartopoder.com.mx\/nw\/wp-content\/uploads\/2021\/10\/01-2-300x163.jpeg 300w, http:\/\/elcuartopoder.com.mx\/nw\/wp-content\/uploads\/2021\/10\/01-2-768x416.jpeg 768w, http:\/\/elcuartopoder.com.mx\/nw\/wp-content\/uploads\/2021\/10\/01-2-696x377.jpeg 696w, http:\/\/elcuartopoder.com.mx\/nw\/wp-content\/uploads\/2021\/10\/01-2.jpeg 1280w\" sizes=\"auto, (max-width: 1024px) 100vw, 1024px\" \/><\/figure>\n\n\n\n<p>Mara Lezama destac\u00f3 que en sus alrededores, se desarrolla un importante movimiento del sector productivo, ya que se encuentran tres naves industriales, bodegas comerciales, oficinas y negocios, agencias de autos, al igual que una central de abastos.<\/p>\n\n\n\n<p>En el sentido social y local, el boulevard Colosio facilita el acceso a m\u00e1s de 10 fraccionamientos habitacionales y escuelas, al igual que el traslado directo al centro de la ciudad, que es el coraz\u00f3n mismo de Canc\u00fan.<\/p>\n\n\n\n<p>La directora general del centro SCT Quintana Roo, Janette Cosmes V\u00e1squez, se\u00f1al\u00f3 que de igual manera se har\u00e1 el mismo proceso jur\u00eddico con FONATUR para seguir adelante con el proyecto de modernizaci\u00f3n.<\/p>\n\n\n\n<p>El delegado estatal de Programas para el Desarrollo en el Estado de Quintana Roo de la Secretar\u00eda del Bienestar, Arturo Abreu Mar\u00edn, expres\u00f3 que Canc\u00fan se merece un boulevard a su altura y destac\u00f3 el trabajo coordinado entre el Gobierno de M\u00e9xico y el Ayuntamiento de Benito Ju\u00e1rez, que se refleja en obras y acciones a favor de las y los ciudadanos.<\/p>\n\n\n\n<p>Atestiguaron la firma los secretarios de Obras P\u00fablicas y Servicios, Samantha Hern\u00e1ndez Carde\u00f1a; as\u00ed como de Ecolog\u00eda y Desarrollo Urbano, Armando Lara De Nigris, junto con el director de Planeaci\u00f3n, Sergio de Luna Gallegos.<\/p>\n","protected":false},"excerpt":{"rendered":"<p>El Ayuntamiento de Benito Ju\u00e1rez y la Secretar\u00eda de Comunicaciones y Transportes (SCT) firmaron el convenio jur\u00eddico que permite avanzar con los trabajos y consolidar el proyecto de la modernizaci\u00f3n y rehabilitaci\u00f3n del boulevard Luis Donaldo Colosio, puerta de entrada a este polo tur\u00edstico. \u201cHoy damos este paso fundamental para hacer realidad este compromiso para [&hellip;]<\/p>\n","protected":false},"author":2,"featured_media":96177,"comment_status":"open","ping_status":"open","sticky":false,"template":"","format":"standard","meta":{"footnotes":""},"categories":[6],"tags":[],"class_list":["post-96176","post","type-post","status-publish","format-standard","has-post-thumbnail","hentry","category-municipales"],"_links":{"self":[{"href":"http:\/\/elcuartopoder.com.mx\/nw\/wp-json\/wp\/v2\/posts\/96176","targetHints":{"allow":["GET"]}}],"collection":[{"href":"http:\/\/elcuartopoder.com.mx\/nw\/wp-json\/wp\/v2\/posts"}],"about":[{"href":"http:\/\/elcuartopoder.com.mx\/nw\/wp-json\/wp\/v2\/types\/post"}],"author":[{"embeddable":true,"href":"http:\/\/elcuartopoder.com.mx\/nw\/wp-json\/wp\/v2\/users\/2"}],"replies":[{"embeddable":true,"href":"http:\/\/elcuartopoder.com.mx\/nw\/wp-json\/wp\/v2\/comments?post=96176"}],"version-history":[{"count":1,"href":"http:\/\/elcuartopoder.com.mx\/nw\/wp-json\/wp\/v2\/posts\/96176\/revisions"}],"predecessor-version":[{"id":96179,"href":"http:\/\/elcuartopoder.com.mx\/nw\/wp-json\/wp\/v2\/posts\/96176\/revisions\/96179"}],"wp:featuredmedia":[{"embeddable":true,"href":"http:\/\/elcuartopoder.com.mx\/nw\/wp-json\/wp\/v2\/media\/96177"}],"wp:attachment":[{"href":"http:\/\/elcuartopoder.com.mx\/nw\/wp-json\/wp\/v2\/media?parent=96176"}],"wp:term":[{"taxonomy":"category","embeddable":true,"href":"http:\/\/elcuartopoder.com.mx\/nw\/wp-json\/wp\/v2\/categories?post=96176"},{"taxonomy":"post_tag","embeddable":true,"href":"http:\/\/elcuartopoder.com.mx\/nw\/wp-json\/wp\/v2\/tags?post=96176"}],"curies":[{"name":"wp","href":"https:\/\/api.w.org\/{rel}","templated":true}]}}