{"id":96253,"date":"2021-10-20T23:10:34","date_gmt":"2021-10-21T04:10:34","guid":{"rendered":"http:\/\/elcuartopoder.com.mx\/nw\/?p=96253"},"modified":"2021-10-20T11:54:06","modified_gmt":"2021-10-20T16:54:06","slug":"susan-sarandon-vuelve-a-hablar-de-su-romance-secreto-con-bowie-su-ultima-llamada-me-dejo-un-vacio-doloroso","status":"publish","type":"post","link":"http:\/\/elcuartopoder.com.mx\/nw\/entretenimiento\/espectaculos\/susan-sarandon-vuelve-a-hablar-de-su-romance-secreto-con-bowie-su-ultima-llamada-me-dejo-un-vacio-doloroso\/","title":{"rendered":"Susan Sarandon vuelve a hablar de su romance secreto con Bowie: \u201cSu \u00faltima llamada me dej\u00f3 un vac\u00edo doloroso\u201d"},"content":{"rendered":"\n<p>Susan Sarandon vuelve a hablar de su romance secreto con Bowie: \u201cSu \u00faltima llamada me dej\u00f3 un vac\u00edo doloroso\u201d<\/p>\n\n\n\n<p>Las estrellas se conocieron en el rodaje de la pel\u00edcula \u2018El ansia\u2019 en 1983 y mantuvieron una relaci\u00f3n sentimental<\/p>\n\n\n\n<p>Susan Sarandon, que cumpli\u00f3 75 a\u00f1os a principios de octubre, ha hablado por primera vez en siete a\u00f1os sobre la relaci\u00f3n que mantuvo junto al m\u00fasico David Bowie en los ochenta. Fue en su entrevista para el medio digital Daily Beast en 2014 cuando la actriz confes\u00f3 que ambos hab\u00edan compartido un romance \u201cmuy serio\u201d que lleg\u00f3 a su fin porque Bowie quer\u00eda que formaran una familia juntos y, como ella misma asegur\u00f3, \u201cno se supon\u00eda que fuera a tener hijos\u201d debido a la endometriosis que padec\u00eda.<\/p>\n\n\n\n<p>La actriz de Thelma y Louise ha revelado ahora que su amistad con \u00e9l revivi\u00f3 unos meses previos a la muerte del artista, en enero de 2016. En una entrevista para la revista brit\u00e1nica You, Sarandon ha confesado que ella y la estrella del pop compartieron una \u00faltima conversaci\u00f3n telef\u00f3nica antes de fallecer a causa de un c\u00e1ncer de h\u00edgado. \u201cTuve la suerte de que volvi\u00e9ramos a tener una relaci\u00f3n m\u00e1s cercana justo antes de que muriera, en sus \u00faltimos meses. \u00c9l me encontr\u00f3 de nuevo. Hablamos y nos dijimos algunas cosas que hab\u00eda que decirse\u201d, ha recordado. \u201cTuve mucha suerte de poder verlo cuando me cont\u00f3 todo lo que le estaba pasando\u201d.<\/p>\n\n\n\n<p>El \u00faltimo encuentro entre Bowie y Sarandon tuvo lugar en el estreno en Nueva York del musical Lazarus en diciembre de 2015, un mes antes de su muerte, a los 69 a\u00f1os. \u201cDespu\u00e9s del espect\u00e1culo fui a Lesbos\u201d explica Sarandon. Activista desde hace a\u00f1os, acudi\u00f3 a la isla griega para aportar su granito de arena en la crisis de los refugiados. \u201cFue lo m\u00e1s dif\u00edcil que he hecho en mi vida: un flujo interminable de desesperaci\u00f3n sin recursos y sin forma de solucionarlo. Los campamentos eran horribles. A\u00fan no estaba durmiendo y ya sab\u00eda que ten\u00eda que levantarme temprano para encontrarme con los barcos cuando llegaran, as\u00ed que tomaba un poco de Ambien [un f\u00e1rmaco para el insomnio] como ayuda para dormir. Y tuve este sue\u00f1o de que David me hab\u00eda llamado y que hab\u00edamos tenido esta conversaci\u00f3n, y cuando colgu\u00e9 [en el sue\u00f1o] pens\u00e9: \u201cNadie me va a creer, David Bowie me ha llamado en Lesbos\u201d.<\/p>\n\n\n\n<p>La actriz relata que tras despertarse record\u00f3 ese sue\u00f1o y sigui\u00f3 con su d\u00eda. Fue m\u00e1s tarde cuando Sarandon pens\u00f3: \u201c\u00bfMe habr\u00e1 llamado de verdad?\u201d. Comprob\u00f3 su tel\u00e9fono y se dio cuenta de que esa conversaci\u00f3n con la que hab\u00eda so\u00f1ado hab\u00eda sido real. \u201cNo recuerdo la charla completa. Nuestro \u00faltimo contacto me dej\u00f3 un vac\u00edo doloroso, y todav\u00eda lo es. Muri\u00f3 una semana despu\u00e9s. Todo es tan frustrante\u201d. La actriz, con la voz ronca seg\u00fan se cuenta en la entrevista, ha recordado que \u201chab\u00eda un doble arco\u00edris en Nueva York el d\u00eda que falleci\u00f3 David Bowie\u201d.<\/p>\n\n\n\n<p>El m\u00fasico se cas\u00f3 con la supermodelo Iman, con la que tuvo una hija llamada Lexi. La familia se instal\u00f3 en Manhattan, no muy lejos del hogar de Sarandon. Durante la entrevista, la actriz confiesa que tuvo contacto con el matrimonio: \u201cNo es que sali\u00e9ramos mucho, \u00e9l ten\u00eda varios problemas de salud con los que lidiar, pero lo hicimos. Amo a su esposa Im\u00e1n, era con quien estaba destinado a estar. Me hac\u00eda feliz pensar que ella estuvo con \u00e9l cuando sufri\u00f3 todo esto. Despu\u00e9s he mantenido el contacto con ella\u201d.<\/p>\n\n\n\n<p>Ambas estrellas se conocieron en el rodaje de la pel\u00edcula El ansia en 1983, pero tuvieron que pasar tres d\u00e9cadas antes de que se revelara que ambos hab\u00edan sido amantes.<\/p>\n\n\n\n<p><em>Por Cristina Morgado<\/em><\/p>\n\n\n\n<p>fuente: https:\/\/elpais.com\/gente\/2021-10-18\/susan-sarandon-dice-que-sono-con-su-ultima-llamada-con-david-bowie-una-semana-antes-de-su-muerte.html<\/p>\n","protected":false},"excerpt":{"rendered":"<p>Susan Sarandon vuelve a hablar de su romance secreto con Bowie: \u201cSu \u00faltima llamada me dej\u00f3 un vac\u00edo doloroso\u201d Las estrellas se conocieron en el rodaje de la pel\u00edcula \u2018El ansia\u2019 en 1983 y mantuvieron una relaci\u00f3n sentimental Susan Sarandon, que cumpli\u00f3 75 a\u00f1os a principios de octubre, ha hablado por primera vez en siete [&hellip;]<\/p>\n","protected":false},"author":2,"featured_media":96256,"comment_status":"open","ping_status":"open","sticky":false,"template":"","format":"standard","meta":{"footnotes":""},"categories":[11],"tags":[],"class_list":["post-96253","post","type-post","status-publish","format-standard","has-post-thumbnail","hentry","category-espectaculos"],"_links":{"self":[{"href":"http:\/\/elcuartopoder.com.mx\/nw\/wp-json\/wp\/v2\/posts\/96253","targetHints":{"allow":["GET"]}}],"collection":[{"href":"http:\/\/elcuartopoder.com.mx\/nw\/wp-json\/wp\/v2\/posts"}],"about":[{"href":"http:\/\/elcuartopoder.com.mx\/nw\/wp-json\/wp\/v2\/types\/post"}],"author":[{"embeddable":true,"href":"http:\/\/elcuartopoder.com.mx\/nw\/wp-json\/wp\/v2\/users\/2"}],"replies":[{"embeddable":true,"href":"http:\/\/elcuartopoder.com.mx\/nw\/wp-json\/wp\/v2\/comments?post=96253"}],"version-history":[{"count":1,"href":"http:\/\/elcuartopoder.com.mx\/nw\/wp-json\/wp\/v2\/posts\/96253\/revisions"}],"predecessor-version":[{"id":96272,"href":"http:\/\/elcuartopoder.com.mx\/nw\/wp-json\/wp\/v2\/posts\/96253\/revisions\/96272"}],"wp:featuredmedia":[{"embeddable":true,"href":"http:\/\/elcuartopoder.com.mx\/nw\/wp-json\/wp\/v2\/media\/96256"}],"wp:attachment":[{"href":"http:\/\/elcuartopoder.com.mx\/nw\/wp-json\/wp\/v2\/media?parent=96253"}],"wp:term":[{"taxonomy":"category","embeddable":true,"href":"http:\/\/elcuartopoder.com.mx\/nw\/wp-json\/wp\/v2\/categories?post=96253"},{"taxonomy":"post_tag","embeddable":true,"href":"http:\/\/elcuartopoder.com.mx\/nw\/wp-json\/wp\/v2\/tags?post=96253"}],"curies":[{"name":"wp","href":"https:\/\/api.w.org\/{rel}","templated":true}]}}