{"id":96268,"date":"2021-10-20T11:28:39","date_gmt":"2021-10-20T16:28:39","guid":{"rendered":"http:\/\/elcuartopoder.com.mx\/nw\/?p=96268"},"modified":"2021-10-20T11:28:41","modified_gmt":"2021-10-20T16:28:41","slug":"evo-morales-participara-en-seminario-internacional-del-pt","status":"publish","type":"post","link":"http:\/\/elcuartopoder.com.mx\/nw\/politica\/evo-morales-participara-en-seminario-internacional-del-pt\/","title":{"rendered":"Evo Morales participar\u00e1 en seminario internacional del PT"},"content":{"rendered":"\n<p><em>Ciudad de M\u00e9xico.<\/em>&nbsp;El ex presidente de Bolivia, Evo Morales Ayma, regresar\u00e1 a M\u00e9xico. Lo har\u00e1 como invitado para participar en un seminario internacional organizado por el Partido del Trabajo (PT).<br><\/p>\n\n\n\n<p>\u201cViajo a #M\u00e9xico, pa\u00eds que llevo siempre en mi coraz\u00f3n, invitado por el Partido del Trabajo para asistir al seminario internacional \u2018Los Partidos y una nueva sociedad\u2019. Ser\u00e1 una linda experiencia compartir con distintos movimientos pol\u00edticos de orientaci\u00f3n liberadora\u201d, inform\u00f3 este martes en Twitter el l\u00edder boliviano.<br><\/p>\n\n\n\n<p>El 25 seminario internacional \u201cLos partidos y una nueva sociedad\u201d se celebrar\u00e1 los d\u00edas 21, 22 y 23 de octubre en la Ciudad de M\u00e9xico. Se prev\u00e9 que participen m\u00e1s de 120 delegados internacionales de al menos 45 pa\u00edses entre ellos Rusia, Alemania, China, Bolivia, Cuba y Venezuela.<\/p>\n\n\n\n<figure class=\"wp-block-embed-twitter wp-block-embed is-type-rich is-provider-twitter\"><div class=\"wp-block-embed__wrapper\">\n<blockquote class=\"twitter-tweet\" data-width=\"550\" data-dnt=\"true\"><p lang=\"es\" dir=\"ltr\">Viajo a <a href=\"https:\/\/twitter.com\/hashtag\/M%C3%A9xico?src=hash&amp;ref_src=twsrc%5Etfw\">#M\u00e9xico<\/a>, pa\u00eds que llevo siempre en mi coraz\u00f3n, invitado por el Partido del Trabajo &#8211; PT para asistir al seminario internacional &quot;Los Partidos y una nueva sociedad&quot;. Ser\u00e1 una linda experiencia compartir con distintos movimientos pol\u00edticos de orientaci\u00f3n liberadora.<\/p>&mdash; Evo Morales Ayma (@evoespueblo) <a href=\"https:\/\/twitter.com\/evoespueblo\/status\/1450576158953705475?ref_src=twsrc%5Etfw\">October 19, 2021<\/a><\/blockquote><script async src=\"https:\/\/platform.twitter.com\/widgets.js\" charset=\"utf-8\"><\/script>\n<\/div><\/figure>\n\n\n\n<p>Esto representar\u00e1 el regreso a M\u00e9xico de Morales Ayma, luego que en noviembre de 2019 el gobierno de Andr\u00e9s Manuel L\u00f3pez Obrador le diera asilo pol\u00edtico, junto a una veintena de sus colaboradores, tras el golpe de Estado en Bolivia que lo oblig\u00f3 a renunciar a la presidencia.<br><\/p>\n\n\n\n<p>Tras estar varios d\u00edas en M\u00e9xico, el l\u00edder del Movimiento al Socialismo (MAS) se traslad\u00f3 a Argentina, justo d\u00edas despu\u00e9s de la asunci\u00f3n al poder de Alberto Fern\u00e1ndez. El triunfo electoral de Luis Arce \u2013otro actor fundamental del MAS\u2014 en octubre del a\u00f1o pasado, permiti\u00f3 el regreso de Morales Ayma a su pa\u00eds.<\/p>\n\n\n\n<p><strong>Fuente:<\/strong> jornada<\/p>\n","protected":false},"excerpt":{"rendered":"<p>Ciudad de M\u00e9xico.&nbsp;El ex presidente de Bolivia, Evo Morales Ayma, regresar\u00e1 a M\u00e9xico. Lo har\u00e1 como invitado para participar en un seminario internacional organizado por el Partido del Trabajo (PT). \u201cViajo a #M\u00e9xico, pa\u00eds que llevo siempre en mi coraz\u00f3n, invitado por el Partido del Trabajo para asistir al seminario internacional \u2018Los Partidos y una [&hellip;]<\/p>\n","protected":false},"author":2,"featured_media":96269,"comment_status":"open","ping_status":"open","sticky":false,"template":"","format":"standard","meta":{"footnotes":""},"categories":[61],"tags":[],"class_list":["post-96268","post","type-post","status-publish","format-standard","has-post-thumbnail","hentry","category-politica"],"_links":{"self":[{"href":"http:\/\/elcuartopoder.com.mx\/nw\/wp-json\/wp\/v2\/posts\/96268","targetHints":{"allow":["GET"]}}],"collection":[{"href":"http:\/\/elcuartopoder.com.mx\/nw\/wp-json\/wp\/v2\/posts"}],"about":[{"href":"http:\/\/elcuartopoder.com.mx\/nw\/wp-json\/wp\/v2\/types\/post"}],"author":[{"embeddable":true,"href":"http:\/\/elcuartopoder.com.mx\/nw\/wp-json\/wp\/v2\/users\/2"}],"replies":[{"embeddable":true,"href":"http:\/\/elcuartopoder.com.mx\/nw\/wp-json\/wp\/v2\/comments?post=96268"}],"version-history":[{"count":1,"href":"http:\/\/elcuartopoder.com.mx\/nw\/wp-json\/wp\/v2\/posts\/96268\/revisions"}],"predecessor-version":[{"id":96270,"href":"http:\/\/elcuartopoder.com.mx\/nw\/wp-json\/wp\/v2\/posts\/96268\/revisions\/96270"}],"wp:featuredmedia":[{"embeddable":true,"href":"http:\/\/elcuartopoder.com.mx\/nw\/wp-json\/wp\/v2\/media\/96269"}],"wp:attachment":[{"href":"http:\/\/elcuartopoder.com.mx\/nw\/wp-json\/wp\/v2\/media?parent=96268"}],"wp:term":[{"taxonomy":"category","embeddable":true,"href":"http:\/\/elcuartopoder.com.mx\/nw\/wp-json\/wp\/v2\/categories?post=96268"},{"taxonomy":"post_tag","embeddable":true,"href":"http:\/\/elcuartopoder.com.mx\/nw\/wp-json\/wp\/v2\/tags?post=96268"}],"curies":[{"name":"wp","href":"https:\/\/api.w.org\/{rel}","templated":true}]}}